{"id":3592,"date":"2025-07-08T19:38:57","date_gmt":"2025-07-08T19:38:57","guid":{"rendered":"https:\/\/www.divique.com\/kollagen-och-hyaluronsyra-en-duo-att-bli-foralskad-i"},"modified":"2025-11-19T10:03:05","modified_gmt":"2025-11-19T10:03:05","slug":"kollagen-och-hyaluronsyra-en-duo-att-bli-foralskad-i","status":"publish","type":"post","link":"https:\/\/www.divique.com\/sv\/kollagen-och-hyaluronsyra-en-duo-att-bli-foralskad-i","title":{"rendered":"Kollagen och hyaluronsyra: En duo att bli f\u00f6r\u00e4lskad i"},"content":{"rendered":"\n<p>N\u00e4r man s\u00e4ger \u201dfrisk, elastisk och ungdomlig hud\u201d \u00e4r kollagen och hyaluronsyra tv\u00e5 av de f\u00f6rsta \u00e4mnena som experter rekommenderar. Det \u00e4r inte konstigt \u2013 just detta duo har en avg\u00f6rande p\u00e5verkan p\u00e5 hudens \u00e5terfuktning, fasthet och \u00f6vergripande utseende. Och deras effekt kompletterar dessutom varandra perfekt.  <\/p>\n\n<h2 class=\"wp-block-heading\">Varf\u00f6r \u00e4r kollagen s\u00e5 viktigt?<\/h2>\n\n<p>Kollagen \u00e4r kroppens grundl\u00e4ggande byggprotein. Det finns i huden, lederna, senorna och ligamenten, men \u00e4ven i till exempel ben och naglar. Med \u00e5ldern minskar den naturliga produktionen \u2013 och det syns oftast f\u00f6rst p\u00e5 huden. Den tappar elasticitet, fina linjer uppst\u00e5r och huden kan se tr\u00f6tt och mindre fast ut.   <\/p>\n\n<p>Att fylla p\u00e5 med kollagen \u00e4r d\u00e4rf\u00f6r ett smart s\u00e4tt att st\u00f6dja inte bara sk\u00f6nheten, utan \u00e4ven hela r\u00f6relseapparatens funktion.<\/p>\n\n<h2 class=\"wp-block-heading\">Hyaluronsyra: En fuktboost som syns<\/h2>\n\n<p>Hyaluronsyra \u00e4r ett \u00e4mne som kroppen sj\u00e4lv kan producera \u2013 men bara upp till en viss \u00e5lder. Dess st\u00f6rsta f\u00f6rdel \u00e4r <strong>f\u00f6rm\u00e5gan att binda vatten<\/strong> \u2013 den kan h\u00e5lla upp till tusen g\u00e5nger sin egen vikt! D\u00e4rf\u00f6r hj\u00e4lper den huden att f\u00f6rbli fyllig, fr\u00e4sch och \u00e5terfuktad. Samtidigt st\u00f6djer den l\u00e4kning och regenerering.   <\/p>\n\n<h2 class=\"wp-block-heading\">Varf\u00f6r fungerar de b\u00e4st tillsammans?<\/h2>\n\n<p>N\u00e4r du kombinerar kollagen och hyaluronsyra uppst\u00e5r en <strong>synergisk effekt<\/strong> som p\u00e5verkar flera niv\u00e5er:<\/p>\n\n<ul class=\"wp-block-list\">\n<li><strong><a href=\"https:\/\/www.divique.com\/sv\/shop\">Kollagen<\/a><\/strong> st\u00f6djer hudens struktur och fasthet.<\/li>\n\n\n\n<li><strong><a href=\"https:\/\/www.divique.com\/sv\/shop\">Hyaluronsyra<\/a><\/strong> s\u00e4kerst\u00e4ller tillr\u00e4cklig \u00e5terfuktning och elasticitet.<\/li>\n\n\n\n<li>Tillsammans bidrar de till ett h\u00e4lsosammare, mer ungdomligt utseende, b\u00e4ttre l\u00e4kning och hudens \u00f6vergripande elasticitet.<\/li>\n<\/ul>\n\n<p>Det g\u00f6r att kroppen blir b\u00e4ttre n\u00e4rd inifr\u00e5n \u2013 och det syns \u00e4ven p\u00e5 utsidan.<\/p>\n\n<h2 class=\"wp-block-heading\">Vad ska du t\u00e4nka p\u00e5 n\u00e4r du v\u00e4ljer?<\/h2>\n\n<p>\ud83d\udca1 Om du letar efter ett kosttillskott som kombinerar kollagen med hyaluronsyra, b\u00f6r du h\u00e5lla utkik efter f\u00f6ljande:<\/p>\n\n<ul class=\"wp-block-list\">\n<li><strong>Hydrolyserat kollagen<\/strong> \u2013 allts\u00e5 nedbrutet i mindre peptider som kroppen l\u00e4tt kan ta upp.<\/li>\n\n\n\n<li><strong>En tillr\u00e4cklig m\u00e4ngd kollagen i dagsdosen<\/strong> \u2013 helst 5 000 mg eller mer.<\/li>\n\n\n\n<li><strong>En ren sammans\u00e4ttning<\/strong> \u2013 kvalitetsprodukter inneh\u00e5ller endast verksamma och n\u00f6dv\u00e4ndiga ingredienser.<\/li>\n\n\n\n<li><strong>Neutral smak och bra l\u00f6slighet<\/strong> \u2013 s\u00e5 att den dagliga anv\u00e4ndningen blir enkel och bekymmersfri.<\/li>\n<\/ul>\n\n<h2 class=\"wp-block-heading\">Avslutningsvis: Ta hand om dig sj\u00e4lv \u2013 smart och med k\u00e4rlek<\/h2>\n\n<p>Kollagen och hyaluronsyra bildar en harmonisk duo som st\u00f6djer inte bara din hud, utan \u00e4ven ditt sj\u00e4lvf\u00f6rtroende. De \u00e4r ett perfekt val f\u00f6r kvinnor som vill ta hand om sig sj\u00e4lva med respekt f\u00f6r det naturliga \u2013 och som s\u00f6ker produkter som verkligen fungerar. <\/p>\n\n<p>\ud83d\udc97 Hos Divique hittar du ocks\u00e5 <strong><a href=\"https:\/\/www.divique.com\/sv\/shop\">multifunktionella kollagentillskott<\/a><\/strong> som kombinerar kollagen, hyaluronsyra och andra viktiga \u00e4mnen i en enda dos. Utan kompromisser. Prova dem och k\u00e4nn skillnaden.  <\/p>\n","protected":false},"excerpt":{"rendered":"<p>N\u00e4r man s\u00e4ger \u201dfrisk, elastisk och ungdomlig hud\u201d \u00e4r kollagen och hyaluronsyra tv\u00e5 av de f\u00f6rsta \u00e4mnena som experter rekommenderar. Det \u00e4r inte konstigt \u2013 just detta duo har en avg\u00f6rande p\u00e5verkan p\u00e5 hudens \u00e5terfuktning, fasthet och \u00f6vergripande utseende. Och deras effekt kompletterar dessutom varandra...<\/p>\n","protected":false},"author":1,"featured_media":3593,"comment_status":"open","ping_status":"open","sticky":false,"template":"","format":"standard","meta":{"_acf_changed":false,"footnotes":""},"categories":[95],"tags":[],"class_list":["post-3592","post","type-post","status-publish","format-standard","has-post-thumbnail","hentry","category-okategoriserad"],"acf":[],"yoast_head":"<!-- This site is optimized with the Yoast SEO plugin v27.5 - https:\/\/yoast.com\/product\/yoast-seo-wordpress\/ -->\n<title>Kollagen och hyaluronsyra: En duo f\u00f6r vacker hud<\/title>\n<meta name=\"description\" content=\"Uppt\u00e4ck varf\u00f6r kollagen och hyaluronsyra \u00e4r den perfekta duon f\u00f6r en ungdomlig hud, hudens fasthet och naturlig \u00e5terfuktning.\" \/>\n<meta name=\"robots\" content=\"index, follow, max-snippet:-1, max-image-preview:large, max-video-preview:-1\" \/>\n<link rel=\"canonical\" href=\"https:\/\/www.divique.com\/sv\/kollagen-och-hyaluronsyra-en-duo-att-bli-foralskad-i\" \/>\n<meta property=\"og:locale\" content=\"sv_SE\" \/>\n<meta property=\"og:type\" content=\"article\" \/>\n<meta property=\"og:title\" content=\"Kollagen och hyaluronsyra: En duo f\u00f6r vacker hud\" \/>\n<meta property=\"og:description\" content=\"Uppt\u00e4ck varf\u00f6r kollagen och hyaluronsyra \u00e4r den perfekta duon f\u00f6r en ungdomlig hud, hudens fasthet och naturlig \u00e5terfuktning.\" \/>\n<meta property=\"og:url\" content=\"https:\/\/www.divique.com\/sv\/kollagen-och-hyaluronsyra-en-duo-att-bli-foralskad-i\" \/>\n<meta property=\"og:site_name\" content=\"Divique.com\" \/>\n<meta property=\"article:published_time\" content=\"2025-07-08T19:38:57+00:00\" \/>\n<meta property=\"article:modified_time\" content=\"2025-11-19T10:03:05+00:00\" \/>\n<meta property=\"og:image\" content=\"https:\/\/www.divique.com\/wp-content\/uploads\/collagen_hyaluron_in_glass.jpg\" \/>\n\t<meta property=\"og:image:width\" content=\"2304\" \/>\n\t<meta property=\"og:image:height\" content=\"1792\" \/>\n\t<meta property=\"og:image:type\" content=\"image\/jpeg\" \/>\n<meta name=\"author\" content=\"Jan Pulpan\" \/>\n<meta name=\"twitter:card\" content=\"summary_large_image\" \/>\n<meta name=\"twitter:label1\" content=\"Skriven av\" \/>\n\t<meta name=\"twitter:data1\" content=\"Jan Pulpan\" \/>\n\t<meta name=\"twitter:label2\" content=\"Ber\u00e4knad l\u00e4stid\" \/>\n\t<meta name=\"twitter:data2\" content=\"2 minuter\" \/>\n<script type=\"application\/ld+json\" class=\"yoast-schema-graph\">{\"@context\":\"https:\\\/\\\/schema.org\",\"@graph\":[{\"@type\":\"Article\",\"@id\":\"https:\\\/\\\/www.divique.com\\\/sv\\\/kollagen-och-hyaluronsyra-en-duo-att-bli-foralskad-i#article\",\"isPartOf\":{\"@id\":\"https:\\\/\\\/www.divique.com\\\/sv\\\/kollagen-och-hyaluronsyra-en-duo-att-bli-foralskad-i\"},\"author\":{\"name\":\"Jan Pulpan\",\"@id\":\"https:\\\/\\\/www.divique.com\\\/sv#\\\/schema\\\/person\\\/c6d239d6b1475a5526da61513cc0693e\"},\"headline\":\"Kollagen och hyaluronsyra: En duo att bli f\u00f6r\u00e4lskad i\",\"datePublished\":\"2025-07-08T19:38:57+00:00\",\"dateModified\":\"2025-11-19T10:03:05+00:00\",\"mainEntityOfPage\":{\"@id\":\"https:\\\/\\\/www.divique.com\\\/sv\\\/kollagen-och-hyaluronsyra-en-duo-att-bli-foralskad-i\"},\"wordCount\":468,\"commentCount\":0,\"publisher\":{\"@id\":\"https:\\\/\\\/www.divique.com\\\/sv#organization\"},\"image\":{\"@id\":\"https:\\\/\\\/www.divique.com\\\/sv\\\/kollagen-och-hyaluronsyra-en-duo-att-bli-foralskad-i#primaryimage\"},\"thumbnailUrl\":\"https:\\\/\\\/www.divique.com\\\/wp-content\\\/uploads\\\/collagen_hyaluron_in_glass.jpg\",\"articleSection\":[\"Okategoriserad\"],\"inLanguage\":\"sv-SE\",\"potentialAction\":[{\"@type\":\"CommentAction\",\"name\":\"Comment\",\"target\":[\"https:\\\/\\\/www.divique.com\\\/sv\\\/kollagen-och-hyaluronsyra-en-duo-att-bli-foralskad-i#respond\"]}]},{\"@type\":\"WebPage\",\"@id\":\"https:\\\/\\\/www.divique.com\\\/sv\\\/kollagen-och-hyaluronsyra-en-duo-att-bli-foralskad-i\",\"url\":\"https:\\\/\\\/www.divique.com\\\/sv\\\/kollagen-och-hyaluronsyra-en-duo-att-bli-foralskad-i\",\"name\":\"Kollagen och hyaluronsyra: En duo f\u00f6r vacker hud\",\"isPartOf\":{\"@id\":\"https:\\\/\\\/www.divique.com\\\/sv#website\"},\"primaryImageOfPage\":{\"@id\":\"https:\\\/\\\/www.divique.com\\\/sv\\\/kollagen-och-hyaluronsyra-en-duo-att-bli-foralskad-i#primaryimage\"},\"image\":{\"@id\":\"https:\\\/\\\/www.divique.com\\\/sv\\\/kollagen-och-hyaluronsyra-en-duo-att-bli-foralskad-i#primaryimage\"},\"thumbnailUrl\":\"https:\\\/\\\/www.divique.com\\\/wp-content\\\/uploads\\\/collagen_hyaluron_in_glass.jpg\",\"datePublished\":\"2025-07-08T19:38:57+00:00\",\"dateModified\":\"2025-11-19T10:03:05+00:00\",\"description\":\"Uppt\u00e4ck varf\u00f6r kollagen och hyaluronsyra \u00e4r den perfekta duon f\u00f6r en ungdomlig hud, hudens fasthet och naturlig \u00e5terfuktning.\",\"breadcrumb\":{\"@id\":\"https:\\\/\\\/www.divique.com\\\/sv\\\/kollagen-och-hyaluronsyra-en-duo-att-bli-foralskad-i#breadcrumb\"},\"inLanguage\":\"sv-SE\",\"potentialAction\":[{\"@type\":\"ReadAction\",\"target\":[\"https:\\\/\\\/www.divique.com\\\/sv\\\/kollagen-och-hyaluronsyra-en-duo-att-bli-foralskad-i\"]}]},{\"@type\":\"ImageObject\",\"inLanguage\":\"sv-SE\",\"@id\":\"https:\\\/\\\/www.divique.com\\\/sv\\\/kollagen-och-hyaluronsyra-en-duo-att-bli-foralskad-i#primaryimage\",\"url\":\"https:\\\/\\\/www.divique.com\\\/wp-content\\\/uploads\\\/collagen_hyaluron_in_glass.jpg\",\"contentUrl\":\"https:\\\/\\\/www.divique.com\\\/wp-content\\\/uploads\\\/collagen_hyaluron_in_glass.jpg\",\"width\":2304,\"height\":1792},{\"@type\":\"BreadcrumbList\",\"@id\":\"https:\\\/\\\/www.divique.com\\\/sv\\\/kollagen-och-hyaluronsyra-en-duo-att-bli-foralskad-i#breadcrumb\",\"itemListElement\":[{\"@type\":\"ListItem\",\"position\":1,\"name\":\"Home\",\"item\":\"https:\\\/\\\/www.divique.com\\\/sv\\\/home\"},{\"@type\":\"ListItem\",\"position\":2,\"name\":\"Kollagen och hyaluronsyra: En duo att bli f\u00f6r\u00e4lskad i\"}]},{\"@type\":\"WebSite\",\"@id\":\"https:\\\/\\\/www.divique.com\\\/sv#website\",\"url\":\"https:\\\/\\\/www.divique.com\\\/sv\",\"name\":\"Divique.com\",\"description\":\"Be Divique. Kolagenov\u00e1 \u0159ada pro sebev\u011bdom\u00e9 \u017eeny. Kolagen a kyselina hyaluronov\u00e1 ve form\u011b, kter\u00e1 V\u00e1m bude vyhovovat.\",\"publisher\":{\"@id\":\"https:\\\/\\\/www.divique.com\\\/sv#organization\"},\"potentialAction\":[{\"@type\":\"SearchAction\",\"target\":{\"@type\":\"EntryPoint\",\"urlTemplate\":\"https:\\\/\\\/www.divique.com\\\/sv?s={search_term_string}\"},\"query-input\":{\"@type\":\"PropertyValueSpecification\",\"valueRequired\":true,\"valueName\":\"search_term_string\"}}],\"inLanguage\":\"sv-SE\"},{\"@type\":\"Organization\",\"@id\":\"https:\\\/\\\/www.divique.com\\\/sv#organization\",\"name\":\"DIVIQUE s.r.o.\",\"url\":\"https:\\\/\\\/www.divique.com\\\/sv\",\"logo\":{\"@type\":\"ImageObject\",\"inLanguage\":\"sv-SE\",\"@id\":\"https:\\\/\\\/www.divique.com\\\/sv#\\\/schema\\\/logo\\\/image\\\/\",\"url\":\"https:\\\/\\\/www.divique.com\\\/wp-content\\\/uploads\\\/2022\\\/04\\\/divique-logo.png\",\"contentUrl\":\"https:\\\/\\\/www.divique.com\\\/wp-content\\\/uploads\\\/2022\\\/04\\\/divique-logo.png\",\"width\":196,\"height\":64,\"caption\":\"DIVIQUE s.r.o.\"},\"image\":{\"@id\":\"https:\\\/\\\/www.divique.com\\\/sv#\\\/schema\\\/logo\\\/image\\\/\"}},{\"@type\":\"Person\",\"@id\":\"https:\\\/\\\/www.divique.com\\\/sv#\\\/schema\\\/person\\\/c6d239d6b1475a5526da61513cc0693e\",\"name\":\"Jan Pulpan\",\"image\":{\"@type\":\"ImageObject\",\"inLanguage\":\"sv-SE\",\"@id\":\"https:\\\/\\\/www.divique.com\\\/wp-content\\\/litespeed\\\/avatar\\\/872feb88fb911cfc0932c4a8d64a7037.jpg?ver=1777659959\",\"url\":\"https:\\\/\\\/www.divique.com\\\/wp-content\\\/litespeed\\\/avatar\\\/872feb88fb911cfc0932c4a8d64a7037.jpg?ver=1777659959\",\"contentUrl\":\"https:\\\/\\\/www.divique.com\\\/wp-content\\\/litespeed\\\/avatar\\\/872feb88fb911cfc0932c4a8d64a7037.jpg?ver=1777659959\",\"caption\":\"Jan Pulpan\"},\"sameAs\":[\"https:\\\/\\\/www.divique.com\"]}]}<\/script>\n<!-- \/ Yoast SEO plugin. -->","yoast_head_json":{"title":"Kollagen och hyaluronsyra: En duo f\u00f6r vacker hud","description":"Uppt\u00e4ck varf\u00f6r kollagen och hyaluronsyra \u00e4r den perfekta duon f\u00f6r en ungdomlig hud, hudens fasthet och naturlig \u00e5terfuktning.","robots":{"index":"index","follow":"follow","max-snippet":"max-snippet:-1","max-image-preview":"max-image-preview:large","max-video-preview":"max-video-preview:-1"},"canonical":"https:\/\/www.divique.com\/sv\/kollagen-och-hyaluronsyra-en-duo-att-bli-foralskad-i","og_locale":"sv_SE","og_type":"article","og_title":"Kollagen och hyaluronsyra: En duo f\u00f6r vacker hud","og_description":"Uppt\u00e4ck varf\u00f6r kollagen och hyaluronsyra \u00e4r den perfekta duon f\u00f6r en ungdomlig hud, hudens fasthet och naturlig \u00e5terfuktning.","og_url":"https:\/\/www.divique.com\/sv\/kollagen-och-hyaluronsyra-en-duo-att-bli-foralskad-i","og_site_name":"Divique.com","article_published_time":"2025-07-08T19:38:57+00:00","article_modified_time":"2025-11-19T10:03:05+00:00","og_image":[{"width":2304,"height":1792,"url":"https:\/\/www.divique.com\/wp-content\/uploads\/collagen_hyaluron_in_glass.jpg","type":"image\/jpeg"}],"author":"Jan Pulpan","twitter_card":"summary_large_image","twitter_misc":{"Skriven av":"Jan Pulpan","Ber\u00e4knad l\u00e4stid":"2 minuter"},"schema":{"@context":"https:\/\/schema.org","@graph":[{"@type":"Article","@id":"https:\/\/www.divique.com\/sv\/kollagen-och-hyaluronsyra-en-duo-att-bli-foralskad-i#article","isPartOf":{"@id":"https:\/\/www.divique.com\/sv\/kollagen-och-hyaluronsyra-en-duo-att-bli-foralskad-i"},"author":{"name":"Jan Pulpan","@id":"https:\/\/www.divique.com\/sv#\/schema\/person\/c6d239d6b1475a5526da61513cc0693e"},"headline":"Kollagen och hyaluronsyra: En duo att bli f\u00f6r\u00e4lskad i","datePublished":"2025-07-08T19:38:57+00:00","dateModified":"2025-11-19T10:03:05+00:00","mainEntityOfPage":{"@id":"https:\/\/www.divique.com\/sv\/kollagen-och-hyaluronsyra-en-duo-att-bli-foralskad-i"},"wordCount":468,"commentCount":0,"publisher":{"@id":"https:\/\/www.divique.com\/sv#organization"},"image":{"@id":"https:\/\/www.divique.com\/sv\/kollagen-och-hyaluronsyra-en-duo-att-bli-foralskad-i#primaryimage"},"thumbnailUrl":"https:\/\/www.divique.com\/wp-content\/uploads\/collagen_hyaluron_in_glass.jpg","articleSection":["Okategoriserad"],"inLanguage":"sv-SE","potentialAction":[{"@type":"CommentAction","name":"Comment","target":["https:\/\/www.divique.com\/sv\/kollagen-och-hyaluronsyra-en-duo-att-bli-foralskad-i#respond"]}]},{"@type":"WebPage","@id":"https:\/\/www.divique.com\/sv\/kollagen-och-hyaluronsyra-en-duo-att-bli-foralskad-i","url":"https:\/\/www.divique.com\/sv\/kollagen-och-hyaluronsyra-en-duo-att-bli-foralskad-i","name":"Kollagen och hyaluronsyra: En duo f\u00f6r vacker hud","isPartOf":{"@id":"https:\/\/www.divique.com\/sv#website"},"primaryImageOfPage":{"@id":"https:\/\/www.divique.com\/sv\/kollagen-och-hyaluronsyra-en-duo-att-bli-foralskad-i#primaryimage"},"image":{"@id":"https:\/\/www.divique.com\/sv\/kollagen-och-hyaluronsyra-en-duo-att-bli-foralskad-i#primaryimage"},"thumbnailUrl":"https:\/\/www.divique.com\/wp-content\/uploads\/collagen_hyaluron_in_glass.jpg","datePublished":"2025-07-08T19:38:57+00:00","dateModified":"2025-11-19T10:03:05+00:00","description":"Uppt\u00e4ck varf\u00f6r kollagen och hyaluronsyra \u00e4r den perfekta duon f\u00f6r en ungdomlig hud, hudens fasthet och naturlig \u00e5terfuktning.","breadcrumb":{"@id":"https:\/\/www.divique.com\/sv\/kollagen-och-hyaluronsyra-en-duo-att-bli-foralskad-i#breadcrumb"},"inLanguage":"sv-SE","potentialAction":[{"@type":"ReadAction","target":["https:\/\/www.divique.com\/sv\/kollagen-och-hyaluronsyra-en-duo-att-bli-foralskad-i"]}]},{"@type":"ImageObject","inLanguage":"sv-SE","@id":"https:\/\/www.divique.com\/sv\/kollagen-och-hyaluronsyra-en-duo-att-bli-foralskad-i#primaryimage","url":"https:\/\/www.divique.com\/wp-content\/uploads\/collagen_hyaluron_in_glass.jpg","contentUrl":"https:\/\/www.divique.com\/wp-content\/uploads\/collagen_hyaluron_in_glass.jpg","width":2304,"height":1792},{"@type":"BreadcrumbList","@id":"https:\/\/www.divique.com\/sv\/kollagen-och-hyaluronsyra-en-duo-att-bli-foralskad-i#breadcrumb","itemListElement":[{"@type":"ListItem","position":1,"name":"Home","item":"https:\/\/www.divique.com\/sv\/home"},{"@type":"ListItem","position":2,"name":"Kollagen och hyaluronsyra: En duo att bli f\u00f6r\u00e4lskad i"}]},{"@type":"WebSite","@id":"https:\/\/www.divique.com\/sv#website","url":"https:\/\/www.divique.com\/sv","name":"Divique.com","description":"Be Divique. Kolagenov\u00e1 \u0159ada pro sebev\u011bdom\u00e9 \u017eeny. Kolagen a kyselina hyaluronov\u00e1 ve form\u011b, kter\u00e1 V\u00e1m bude vyhovovat.","publisher":{"@id":"https:\/\/www.divique.com\/sv#organization"},"potentialAction":[{"@type":"SearchAction","target":{"@type":"EntryPoint","urlTemplate":"https:\/\/www.divique.com\/sv?s={search_term_string}"},"query-input":{"@type":"PropertyValueSpecification","valueRequired":true,"valueName":"search_term_string"}}],"inLanguage":"sv-SE"},{"@type":"Organization","@id":"https:\/\/www.divique.com\/sv#organization","name":"DIVIQUE s.r.o.","url":"https:\/\/www.divique.com\/sv","logo":{"@type":"ImageObject","inLanguage":"sv-SE","@id":"https:\/\/www.divique.com\/sv#\/schema\/logo\/image\/","url":"https:\/\/www.divique.com\/wp-content\/uploads\/2022\/04\/divique-logo.png","contentUrl":"https:\/\/www.divique.com\/wp-content\/uploads\/2022\/04\/divique-logo.png","width":196,"height":64,"caption":"DIVIQUE s.r.o."},"image":{"@id":"https:\/\/www.divique.com\/sv#\/schema\/logo\/image\/"}},{"@type":"Person","@id":"https:\/\/www.divique.com\/sv#\/schema\/person\/c6d239d6b1475a5526da61513cc0693e","name":"Jan Pulpan","image":{"@type":"ImageObject","inLanguage":"sv-SE","@id":"https:\/\/www.divique.com\/wp-content\/litespeed\/avatar\/872feb88fb911cfc0932c4a8d64a7037.jpg?ver=1777659959","url":"https:\/\/www.divique.com\/wp-content\/litespeed\/avatar\/872feb88fb911cfc0932c4a8d64a7037.jpg?ver=1777659959","contentUrl":"https:\/\/www.divique.com\/wp-content\/litespeed\/avatar\/872feb88fb911cfc0932c4a8d64a7037.jpg?ver=1777659959","caption":"Jan Pulpan"},"sameAs":["https:\/\/www.divique.com"]}]}},"_links":{"self":[{"href":"https:\/\/www.divique.com\/sv\/wp-json\/wp\/v2\/posts\/3592","targetHints":{"allow":["GET"]}}],"collection":[{"href":"https:\/\/www.divique.com\/sv\/wp-json\/wp\/v2\/posts"}],"about":[{"href":"https:\/\/www.divique.com\/sv\/wp-json\/wp\/v2\/types\/post"}],"author":[{"embeddable":true,"href":"https:\/\/www.divique.com\/sv\/wp-json\/wp\/v2\/users\/1"}],"replies":[{"embeddable":true,"href":"https:\/\/www.divique.com\/sv\/wp-json\/wp\/v2\/comments?post=3592"}],"version-history":[{"count":1,"href":"https:\/\/www.divique.com\/sv\/wp-json\/wp\/v2\/posts\/3592\/revisions"}],"predecessor-version":[{"id":3594,"href":"https:\/\/www.divique.com\/sv\/wp-json\/wp\/v2\/posts\/3592\/revisions\/3594"}],"wp:featuredmedia":[{"embeddable":true,"href":"https:\/\/www.divique.com\/sv\/wp-json\/wp\/v2\/media\/3593"}],"wp:attachment":[{"href":"https:\/\/www.divique.com\/sv\/wp-json\/wp\/v2\/media?parent=3592"}],"wp:term":[{"taxonomy":"category","embeddable":true,"href":"https:\/\/www.divique.com\/sv\/wp-json\/wp\/v2\/categories?post=3592"},{"taxonomy":"post_tag","embeddable":true,"href":"https:\/\/www.divique.com\/sv\/wp-json\/wp\/v2\/tags?post=3592"}],"curies":[{"name":"wp","href":"https:\/\/api.w.org\/{rel}","templated":true}]}}