{"id":3547,"date":"2025-05-28T19:16:36","date_gmt":"2025-05-28T19:16:36","guid":{"rendered":"https:\/\/www.divique.com\/vad-ar-hyaluronsyra-och-varfor-pratar-man-sa-mycket-om-den"},"modified":"2025-11-17T15:28:43","modified_gmt":"2025-11-17T15:28:43","slug":"vad-ar-hyaluronsyra-och-varfor-pratar-man-sa-mycket-om-den","status":"publish","type":"post","link":"https:\/\/www.divique.com\/sv\/vad-ar-hyaluronsyra-och-varfor-pratar-man-sa-mycket-om-den","title":{"rendered":"Vad \u00e4r hyaluronsyra och varf\u00f6r pratar man s\u00e5 mycket om den?"},"content":{"rendered":"\n<p>Hyaluronsyra (ofta helt enkelt kallad hyaluron) \u00e4r under de senaste \u00e5ren ett av de mest omtalade begreppen inom hudv\u00e5rd och sk\u00f6nhet. Du hittar den i kr\u00e4mer, serum, kosttillskott och kosmetiska behandlingar. Men vad \u00e4r det egentligen? Och varf\u00f6r har den blivit s\u00e5 popul\u00e4r?   <\/p>\n\n<p>I den h\u00e4r artikeln tittar vi p\u00e5 vad hyaluronsyra egentligen \u00e4r, vilken roll den spelar i kroppen och varf\u00f6r s\u00e5 m\u00e5nga kvinnor har b\u00f6rjat uppskatta den som en del av sin sk\u00f6nhetsrutin \u2013 inte bara utifr\u00e5n, utan ocks\u00e5 inifr\u00e5n.<\/p>\n\n<h2 class=\"wp-block-heading\">Vad \u00e4r hyaluronsyra?<\/h2>\n\n<p>Hyaluronsyra \u00e4r ett \u00e4mne som naturligt f\u00f6rekommer i m\u00e4nniskokroppen \u2013 framf\u00f6r allt i huden, \u00f6gonen och lederna. Det har f\u00f6rm\u00e5gan att binda vatten, upp till <strong>tusen g\u00e5nger sin egen vikt<\/strong>, vilket \u00e4r just anledningen till att det \u00e4r s\u00e5 uppskattat inom b\u00e5de kosmetik och kosttillskott. <\/p>\n\n<p>Hyaluron \u00e4r en naturlig del av huden och hj\u00e4lper den att beh\u00e5lla sin elasticitet och mjukhet. Men med \u00e5ldern minskar m\u00e4ngden i kroppen \u2013 vilket \u00e4r en av anledningarna till att kvinnor letar efter s\u00e4tt att \u00e5terinf\u00f6ra det i sin hudv\u00e5rdsrutin. <\/p>\n\n<h2 class=\"wp-block-heading\">Hyaluronsyra inte bara i kr\u00e4m, utan \u00e4ven som kosttillskott<\/h2>\n\n<p>Du kanske framf\u00f6r allt k\u00e4nner till det som en ingrediens i \u00e5terfuktande serum eller mer n\u00e4rande ansiktskr\u00e4mer. Men allt fler kvinnor har ocks\u00e5 b\u00f6rjat uppskatta <strong>att ta hyaluronsyra inifr\u00e5n<\/strong>, i form av kosttillskott. <\/p>\n\n<p>F\u00f6rdelen \u00e4r att det p\u00e5 s\u00e5 s\u00e4tt blir en naturlig del av den dagliga rutinen \u2013 precis som kollagen eller C-vitamin. Kapslar eller shots med hyaluronsyra passar b\u00e5de i morgonrutinen och i handv\u00e4skan. <\/p>\n\n<p>\ud83d\udca1 <strong>Tips:<\/strong> Leta efter kosttillskott som kombinerar hyaluronsyra med andra \u00e4mnen \u2013 till exempel hydrolyserat kollagen eller C-vitamin, som ocks\u00e5 bidrar till normal kollagenbildning.<\/p>\n\n<h2 class=\"wp-block-heading\">Hyaluronsyra och kollagen: en stark duo<\/h2>\n\n<p>Hyaluronsyra och kollagen g\u00e5r hand i hand \u2013 och det \u00e4r ingen slump att de ofta finns i samma produkter. Medan kollagen \u00e4r ett strukturellt protein, st\u00e5r hyaluronsyra f\u00f6r \u00e5terfuktningen. <\/p>\n\n<p>B\u00e5da \u00e4mnena f\u00f6rekommer naturligt i huden och deras kombination \u00e4r d\u00e4rf\u00f6r ett logiskt steg i v\u00e5rden av utseendet. D\u00e4rf\u00f6r \u00e4r just den h\u00e4r duon s\u00e5 popul\u00e4r. <\/p>\n\n<h2 class=\"wp-block-heading\">Hur inkluderar du hyaluronsyra i din rutin?<\/h2>\n\n<p>Det beror p\u00e5 vad som passar dig b\u00e4st. Om du gillar enkelhet kan kapslar vara r\u00e4tt val. F\u00f6redrar du flytande former, v\u00e4ljer du snarare ampuller.  <\/p>\n\n<h3 class=\"wp-block-heading\">Rekommenderade produkter fr\u00e5n Divique:<\/h3>\n\n<ul class=\"wp-block-list\">\n<li>\ud83d\udca7 <a class=\"\" href=\"https:\/\/www.divique.com\/sv\/shop\">Divique Collagen Hyaluron Shots<\/a> \u2013 flytande ampuller med kollagen, hyaluronsyra och C-vitamin.<\/li>\n\n\n\n<li>\ud83d\udc8a <a class=\"\" href=\"https:\/\/www.divique.com\/sv\/shop\">Divique Collagen Hyaluron Kapslar <\/a>\u2013 praktiska kapslar f\u00f6r dagligt intag, n\u00e4r som helst och var som helst.<\/li>\n<\/ul>\n\n<h2 class=\"wp-block-heading\">Sammanfattning: Varf\u00f6r pratar man s\u00e5 mycket om hyaluron?<\/h2>\n\n<ul class=\"wp-block-list\">\n<li>Det \u00e4r en naturlig del av v\u00e5r kropp<\/li>\n\n\n\n<li>Den kan binda vatten \u2013 vilket g\u00f6r den till en \u00e5terfuktande favorit<\/li>\n\n\n\n<li>Den \u00e4r en del av den moderna sk\u00f6nhetsrutinen \u2013 b\u00e5de i kosmetika och som tillskott inifr\u00e5n.<\/li>\n\n\n\n<li>Den fungerar utm\u00e4rkt tillsammans med kollagen och C-vitamin.<\/li>\n<\/ul>\n\n<h2 class=\"wp-block-heading\">Vill du prova det?<\/h2>\n\n<p>Uppt\u00e4ck hyaluronsyra p\u00e5 det s\u00e4tt som passar dig b\u00e4st. Antingen som en frist\u00e5ende produkt eller som en del av ett komplett tillskott med kollagen. Inkludera den i din sk\u00f6nhetsrutin och g\u00f6r den till en naturlig del av ditt self-care-ritual.  <\/p>\n\n<p>\u27a1\ufe0f <a href=\"https:\/\/www.divique.com\/sv\/shop\">Utforska Diviques produkter med hyaluronsyra<\/a><\/p>\n\n<p><\/p>\n","protected":false},"excerpt":{"rendered":"<p>Hyaluronsyra (ofta helt enkelt kallad hyaluron) \u00e4r under de senaste \u00e5ren ett av de mest omtalade begreppen inom hudv\u00e5rd och sk\u00f6nhet. Du hittar den i kr\u00e4mer, serum, kosttillskott och kosmetiska behandlingar. Men vad \u00e4r det egentligen? Och varf\u00f6r har den blivit s\u00e5 popul\u00e4r? I den...<\/p>\n","protected":false},"author":1,"featured_media":3548,"comment_status":"open","ping_status":"open","sticky":false,"template":"","format":"standard","meta":{"_acf_changed":false,"footnotes":""},"categories":[95],"tags":[],"class_list":["post-3547","post","type-post","status-publish","format-standard","has-post-thumbnail","hentry","category-okategoriserad"],"acf":[],"yoast_head":"<!-- This site is optimized with the Yoast SEO plugin v27.5 - https:\/\/yoast.com\/product\/yoast-seo-wordpress\/ -->\n<title>Vad \u00e4r hyaluronsyra och varf\u00f6r pratar man s\u00e5 mycket om den?<\/title>\n<meta name=\"description\" content=\"Ta reda p\u00e5 varf\u00f6r hyaluronsyra \u00e4r s\u00e5 popul\u00e4r och hur du kan inkludera hyaluron i din dagliga rutin \u2013 inte bara utifr\u00e5n, utan ocks\u00e5 inifr\u00e5n.\" \/>\n<meta name=\"robots\" content=\"index, follow, max-snippet:-1, max-image-preview:large, max-video-preview:-1\" \/>\n<link rel=\"canonical\" href=\"https:\/\/www.divique.com\/sv\/vad-ar-hyaluronsyra-och-varfor-pratar-man-sa-mycket-om-den\" \/>\n<meta property=\"og:locale\" content=\"sv_SE\" \/>\n<meta property=\"og:type\" content=\"article\" \/>\n<meta property=\"og:title\" content=\"Vad \u00e4r hyaluronsyra och varf\u00f6r pratar man s\u00e5 mycket om den?\" \/>\n<meta property=\"og:description\" content=\"Ta reda p\u00e5 varf\u00f6r hyaluronsyra \u00e4r s\u00e5 popul\u00e4r och hur du kan inkludera hyaluron i din dagliga rutin \u2013 inte bara utifr\u00e5n, utan ocks\u00e5 inifr\u00e5n.\" \/>\n<meta property=\"og:url\" content=\"https:\/\/www.divique.com\/sv\/vad-ar-hyaluronsyra-och-varfor-pratar-man-sa-mycket-om-den\" \/>\n<meta property=\"og:site_name\" content=\"Divique.com\" \/>\n<meta property=\"article:published_time\" content=\"2025-05-28T19:16:36+00:00\" \/>\n<meta property=\"article:modified_time\" content=\"2025-11-17T15:28:43+00:00\" \/>\n<meta property=\"og:image\" content=\"https:\/\/www.divique.com\/wp-content\/uploads\/kyselina_hyaluronova_hydratace_pokozky.jpg\" \/>\n\t<meta property=\"og:image:width\" content=\"2304\" \/>\n\t<meta property=\"og:image:height\" content=\"1792\" \/>\n\t<meta property=\"og:image:type\" content=\"image\/jpeg\" \/>\n<meta name=\"author\" content=\"Jan Pulpan\" \/>\n<meta name=\"twitter:card\" content=\"summary_large_image\" \/>\n<meta name=\"twitter:label1\" content=\"Skriven av\" \/>\n\t<meta name=\"twitter:data1\" content=\"Jan Pulpan\" \/>\n\t<meta name=\"twitter:label2\" content=\"Ber\u00e4knad l\u00e4stid\" \/>\n\t<meta name=\"twitter:data2\" content=\"3 minuter\" \/>\n<script type=\"application\/ld+json\" class=\"yoast-schema-graph\">{\"@context\":\"https:\\\/\\\/schema.org\",\"@graph\":[{\"@type\":\"Article\",\"@id\":\"https:\\\/\\\/www.divique.com\\\/sv\\\/vad-ar-hyaluronsyra-och-varfor-pratar-man-sa-mycket-om-den#article\",\"isPartOf\":{\"@id\":\"https:\\\/\\\/www.divique.com\\\/sv\\\/vad-ar-hyaluronsyra-och-varfor-pratar-man-sa-mycket-om-den\"},\"author\":{\"name\":\"Jan Pulpan\",\"@id\":\"https:\\\/\\\/www.divique.com\\\/sv#\\\/schema\\\/person\\\/c6d239d6b1475a5526da61513cc0693e\"},\"headline\":\"Vad \u00e4r hyaluronsyra och varf\u00f6r pratar man s\u00e5 mycket om den?\",\"datePublished\":\"2025-05-28T19:16:36+00:00\",\"dateModified\":\"2025-11-17T15:28:43+00:00\",\"mainEntityOfPage\":{\"@id\":\"https:\\\/\\\/www.divique.com\\\/sv\\\/vad-ar-hyaluronsyra-och-varfor-pratar-man-sa-mycket-om-den\"},\"wordCount\":566,\"commentCount\":0,\"publisher\":{\"@id\":\"https:\\\/\\\/www.divique.com\\\/sv#organization\"},\"image\":{\"@id\":\"https:\\\/\\\/www.divique.com\\\/sv\\\/vad-ar-hyaluronsyra-och-varfor-pratar-man-sa-mycket-om-den#primaryimage\"},\"thumbnailUrl\":\"https:\\\/\\\/www.divique.com\\\/wp-content\\\/uploads\\\/kyselina_hyaluronova_hydratace_pokozky.jpg\",\"articleSection\":[\"Okategoriserad\"],\"inLanguage\":\"sv-SE\",\"potentialAction\":[{\"@type\":\"CommentAction\",\"name\":\"Comment\",\"target\":[\"https:\\\/\\\/www.divique.com\\\/sv\\\/vad-ar-hyaluronsyra-och-varfor-pratar-man-sa-mycket-om-den#respond\"]}]},{\"@type\":\"WebPage\",\"@id\":\"https:\\\/\\\/www.divique.com\\\/sv\\\/vad-ar-hyaluronsyra-och-varfor-pratar-man-sa-mycket-om-den\",\"url\":\"https:\\\/\\\/www.divique.com\\\/sv\\\/vad-ar-hyaluronsyra-och-varfor-pratar-man-sa-mycket-om-den\",\"name\":\"Vad \u00e4r hyaluronsyra och varf\u00f6r pratar man s\u00e5 mycket om den?\",\"isPartOf\":{\"@id\":\"https:\\\/\\\/www.divique.com\\\/sv#website\"},\"primaryImageOfPage\":{\"@id\":\"https:\\\/\\\/www.divique.com\\\/sv\\\/vad-ar-hyaluronsyra-och-varfor-pratar-man-sa-mycket-om-den#primaryimage\"},\"image\":{\"@id\":\"https:\\\/\\\/www.divique.com\\\/sv\\\/vad-ar-hyaluronsyra-och-varfor-pratar-man-sa-mycket-om-den#primaryimage\"},\"thumbnailUrl\":\"https:\\\/\\\/www.divique.com\\\/wp-content\\\/uploads\\\/kyselina_hyaluronova_hydratace_pokozky.jpg\",\"datePublished\":\"2025-05-28T19:16:36+00:00\",\"dateModified\":\"2025-11-17T15:28:43+00:00\",\"description\":\"Ta reda p\u00e5 varf\u00f6r hyaluronsyra \u00e4r s\u00e5 popul\u00e4r och hur du kan inkludera hyaluron i din dagliga rutin \u2013 inte bara utifr\u00e5n, utan ocks\u00e5 inifr\u00e5n.\",\"breadcrumb\":{\"@id\":\"https:\\\/\\\/www.divique.com\\\/sv\\\/vad-ar-hyaluronsyra-och-varfor-pratar-man-sa-mycket-om-den#breadcrumb\"},\"inLanguage\":\"sv-SE\",\"potentialAction\":[{\"@type\":\"ReadAction\",\"target\":[\"https:\\\/\\\/www.divique.com\\\/sv\\\/vad-ar-hyaluronsyra-och-varfor-pratar-man-sa-mycket-om-den\"]}]},{\"@type\":\"ImageObject\",\"inLanguage\":\"sv-SE\",\"@id\":\"https:\\\/\\\/www.divique.com\\\/sv\\\/vad-ar-hyaluronsyra-och-varfor-pratar-man-sa-mycket-om-den#primaryimage\",\"url\":\"https:\\\/\\\/www.divique.com\\\/wp-content\\\/uploads\\\/kyselina_hyaluronova_hydratace_pokozky.jpg\",\"contentUrl\":\"https:\\\/\\\/www.divique.com\\\/wp-content\\\/uploads\\\/kyselina_hyaluronova_hydratace_pokozky.jpg\",\"width\":2304,\"height\":1792,\"caption\":\"kyselina hyaluronov\u00e1 a hydratace poko\u017eky\"},{\"@type\":\"BreadcrumbList\",\"@id\":\"https:\\\/\\\/www.divique.com\\\/sv\\\/vad-ar-hyaluronsyra-och-varfor-pratar-man-sa-mycket-om-den#breadcrumb\",\"itemListElement\":[{\"@type\":\"ListItem\",\"position\":1,\"name\":\"Home\",\"item\":\"https:\\\/\\\/www.divique.com\\\/sv\\\/home\"},{\"@type\":\"ListItem\",\"position\":2,\"name\":\"Vad \u00e4r hyaluronsyra och varf\u00f6r pratar man s\u00e5 mycket om den?\"}]},{\"@type\":\"WebSite\",\"@id\":\"https:\\\/\\\/www.divique.com\\\/sv#website\",\"url\":\"https:\\\/\\\/www.divique.com\\\/sv\",\"name\":\"Divique.com\",\"description\":\"Be Divique. Kolagenov\u00e1 \u0159ada pro sebev\u011bdom\u00e9 \u017eeny. Kolagen a kyselina hyaluronov\u00e1 ve form\u011b, kter\u00e1 V\u00e1m bude vyhovovat.\",\"publisher\":{\"@id\":\"https:\\\/\\\/www.divique.com\\\/sv#organization\"},\"potentialAction\":[{\"@type\":\"SearchAction\",\"target\":{\"@type\":\"EntryPoint\",\"urlTemplate\":\"https:\\\/\\\/www.divique.com\\\/sv?s={search_term_string}\"},\"query-input\":{\"@type\":\"PropertyValueSpecification\",\"valueRequired\":true,\"valueName\":\"search_term_string\"}}],\"inLanguage\":\"sv-SE\"},{\"@type\":\"Organization\",\"@id\":\"https:\\\/\\\/www.divique.com\\\/sv#organization\",\"name\":\"DIVIQUE s.r.o.\",\"url\":\"https:\\\/\\\/www.divique.com\\\/sv\",\"logo\":{\"@type\":\"ImageObject\",\"inLanguage\":\"sv-SE\",\"@id\":\"https:\\\/\\\/www.divique.com\\\/sv#\\\/schema\\\/logo\\\/image\\\/\",\"url\":\"https:\\\/\\\/www.divique.com\\\/wp-content\\\/uploads\\\/2022\\\/04\\\/divique-logo.png\",\"contentUrl\":\"https:\\\/\\\/www.divique.com\\\/wp-content\\\/uploads\\\/2022\\\/04\\\/divique-logo.png\",\"width\":196,\"height\":64,\"caption\":\"DIVIQUE s.r.o.\"},\"image\":{\"@id\":\"https:\\\/\\\/www.divique.com\\\/sv#\\\/schema\\\/logo\\\/image\\\/\"}},{\"@type\":\"Person\",\"@id\":\"https:\\\/\\\/www.divique.com\\\/sv#\\\/schema\\\/person\\\/c6d239d6b1475a5526da61513cc0693e\",\"name\":\"Jan Pulpan\",\"image\":{\"@type\":\"ImageObject\",\"inLanguage\":\"sv-SE\",\"@id\":\"https:\\\/\\\/www.divique.com\\\/wp-content\\\/litespeed\\\/avatar\\\/872feb88fb911cfc0932c4a8d64a7037.jpg?ver=1777659959\",\"url\":\"https:\\\/\\\/www.divique.com\\\/wp-content\\\/litespeed\\\/avatar\\\/872feb88fb911cfc0932c4a8d64a7037.jpg?ver=1777659959\",\"contentUrl\":\"https:\\\/\\\/www.divique.com\\\/wp-content\\\/litespeed\\\/avatar\\\/872feb88fb911cfc0932c4a8d64a7037.jpg?ver=1777659959\",\"caption\":\"Jan Pulpan\"},\"sameAs\":[\"https:\\\/\\\/www.divique.com\"]}]}<\/script>\n<!-- \/ Yoast SEO plugin. -->","yoast_head_json":{"title":"Vad \u00e4r hyaluronsyra och varf\u00f6r pratar man s\u00e5 mycket om den?","description":"Ta reda p\u00e5 varf\u00f6r hyaluronsyra \u00e4r s\u00e5 popul\u00e4r och hur du kan inkludera hyaluron i din dagliga rutin \u2013 inte bara utifr\u00e5n, utan ocks\u00e5 inifr\u00e5n.","robots":{"index":"index","follow":"follow","max-snippet":"max-snippet:-1","max-image-preview":"max-image-preview:large","max-video-preview":"max-video-preview:-1"},"canonical":"https:\/\/www.divique.com\/sv\/vad-ar-hyaluronsyra-och-varfor-pratar-man-sa-mycket-om-den","og_locale":"sv_SE","og_type":"article","og_title":"Vad \u00e4r hyaluronsyra och varf\u00f6r pratar man s\u00e5 mycket om den?","og_description":"Ta reda p\u00e5 varf\u00f6r hyaluronsyra \u00e4r s\u00e5 popul\u00e4r och hur du kan inkludera hyaluron i din dagliga rutin \u2013 inte bara utifr\u00e5n, utan ocks\u00e5 inifr\u00e5n.","og_url":"https:\/\/www.divique.com\/sv\/vad-ar-hyaluronsyra-och-varfor-pratar-man-sa-mycket-om-den","og_site_name":"Divique.com","article_published_time":"2025-05-28T19:16:36+00:00","article_modified_time":"2025-11-17T15:28:43+00:00","og_image":[{"width":2304,"height":1792,"url":"https:\/\/www.divique.com\/wp-content\/uploads\/kyselina_hyaluronova_hydratace_pokozky.jpg","type":"image\/jpeg"}],"author":"Jan Pulpan","twitter_card":"summary_large_image","twitter_misc":{"Skriven av":"Jan Pulpan","Ber\u00e4knad l\u00e4stid":"3 minuter"},"schema":{"@context":"https:\/\/schema.org","@graph":[{"@type":"Article","@id":"https:\/\/www.divique.com\/sv\/vad-ar-hyaluronsyra-och-varfor-pratar-man-sa-mycket-om-den#article","isPartOf":{"@id":"https:\/\/www.divique.com\/sv\/vad-ar-hyaluronsyra-och-varfor-pratar-man-sa-mycket-om-den"},"author":{"name":"Jan Pulpan","@id":"https:\/\/www.divique.com\/sv#\/schema\/person\/c6d239d6b1475a5526da61513cc0693e"},"headline":"Vad \u00e4r hyaluronsyra och varf\u00f6r pratar man s\u00e5 mycket om den?","datePublished":"2025-05-28T19:16:36+00:00","dateModified":"2025-11-17T15:28:43+00:00","mainEntityOfPage":{"@id":"https:\/\/www.divique.com\/sv\/vad-ar-hyaluronsyra-och-varfor-pratar-man-sa-mycket-om-den"},"wordCount":566,"commentCount":0,"publisher":{"@id":"https:\/\/www.divique.com\/sv#organization"},"image":{"@id":"https:\/\/www.divique.com\/sv\/vad-ar-hyaluronsyra-och-varfor-pratar-man-sa-mycket-om-den#primaryimage"},"thumbnailUrl":"https:\/\/www.divique.com\/wp-content\/uploads\/kyselina_hyaluronova_hydratace_pokozky.jpg","articleSection":["Okategoriserad"],"inLanguage":"sv-SE","potentialAction":[{"@type":"CommentAction","name":"Comment","target":["https:\/\/www.divique.com\/sv\/vad-ar-hyaluronsyra-och-varfor-pratar-man-sa-mycket-om-den#respond"]}]},{"@type":"WebPage","@id":"https:\/\/www.divique.com\/sv\/vad-ar-hyaluronsyra-och-varfor-pratar-man-sa-mycket-om-den","url":"https:\/\/www.divique.com\/sv\/vad-ar-hyaluronsyra-och-varfor-pratar-man-sa-mycket-om-den","name":"Vad \u00e4r hyaluronsyra och varf\u00f6r pratar man s\u00e5 mycket om den?","isPartOf":{"@id":"https:\/\/www.divique.com\/sv#website"},"primaryImageOfPage":{"@id":"https:\/\/www.divique.com\/sv\/vad-ar-hyaluronsyra-och-varfor-pratar-man-sa-mycket-om-den#primaryimage"},"image":{"@id":"https:\/\/www.divique.com\/sv\/vad-ar-hyaluronsyra-och-varfor-pratar-man-sa-mycket-om-den#primaryimage"},"thumbnailUrl":"https:\/\/www.divique.com\/wp-content\/uploads\/kyselina_hyaluronova_hydratace_pokozky.jpg","datePublished":"2025-05-28T19:16:36+00:00","dateModified":"2025-11-17T15:28:43+00:00","description":"Ta reda p\u00e5 varf\u00f6r hyaluronsyra \u00e4r s\u00e5 popul\u00e4r och hur du kan inkludera hyaluron i din dagliga rutin \u2013 inte bara utifr\u00e5n, utan ocks\u00e5 inifr\u00e5n.","breadcrumb":{"@id":"https:\/\/www.divique.com\/sv\/vad-ar-hyaluronsyra-och-varfor-pratar-man-sa-mycket-om-den#breadcrumb"},"inLanguage":"sv-SE","potentialAction":[{"@type":"ReadAction","target":["https:\/\/www.divique.com\/sv\/vad-ar-hyaluronsyra-och-varfor-pratar-man-sa-mycket-om-den"]}]},{"@type":"ImageObject","inLanguage":"sv-SE","@id":"https:\/\/www.divique.com\/sv\/vad-ar-hyaluronsyra-och-varfor-pratar-man-sa-mycket-om-den#primaryimage","url":"https:\/\/www.divique.com\/wp-content\/uploads\/kyselina_hyaluronova_hydratace_pokozky.jpg","contentUrl":"https:\/\/www.divique.com\/wp-content\/uploads\/kyselina_hyaluronova_hydratace_pokozky.jpg","width":2304,"height":1792,"caption":"kyselina hyaluronov\u00e1 a hydratace poko\u017eky"},{"@type":"BreadcrumbList","@id":"https:\/\/www.divique.com\/sv\/vad-ar-hyaluronsyra-och-varfor-pratar-man-sa-mycket-om-den#breadcrumb","itemListElement":[{"@type":"ListItem","position":1,"name":"Home","item":"https:\/\/www.divique.com\/sv\/home"},{"@type":"ListItem","position":2,"name":"Vad \u00e4r hyaluronsyra och varf\u00f6r pratar man s\u00e5 mycket om den?"}]},{"@type":"WebSite","@id":"https:\/\/www.divique.com\/sv#website","url":"https:\/\/www.divique.com\/sv","name":"Divique.com","description":"Be Divique. Kolagenov\u00e1 \u0159ada pro sebev\u011bdom\u00e9 \u017eeny. Kolagen a kyselina hyaluronov\u00e1 ve form\u011b, kter\u00e1 V\u00e1m bude vyhovovat.","publisher":{"@id":"https:\/\/www.divique.com\/sv#organization"},"potentialAction":[{"@type":"SearchAction","target":{"@type":"EntryPoint","urlTemplate":"https:\/\/www.divique.com\/sv?s={search_term_string}"},"query-input":{"@type":"PropertyValueSpecification","valueRequired":true,"valueName":"search_term_string"}}],"inLanguage":"sv-SE"},{"@type":"Organization","@id":"https:\/\/www.divique.com\/sv#organization","name":"DIVIQUE s.r.o.","url":"https:\/\/www.divique.com\/sv","logo":{"@type":"ImageObject","inLanguage":"sv-SE","@id":"https:\/\/www.divique.com\/sv#\/schema\/logo\/image\/","url":"https:\/\/www.divique.com\/wp-content\/uploads\/2022\/04\/divique-logo.png","contentUrl":"https:\/\/www.divique.com\/wp-content\/uploads\/2022\/04\/divique-logo.png","width":196,"height":64,"caption":"DIVIQUE s.r.o."},"image":{"@id":"https:\/\/www.divique.com\/sv#\/schema\/logo\/image\/"}},{"@type":"Person","@id":"https:\/\/www.divique.com\/sv#\/schema\/person\/c6d239d6b1475a5526da61513cc0693e","name":"Jan Pulpan","image":{"@type":"ImageObject","inLanguage":"sv-SE","@id":"https:\/\/www.divique.com\/wp-content\/litespeed\/avatar\/872feb88fb911cfc0932c4a8d64a7037.jpg?ver=1777659959","url":"https:\/\/www.divique.com\/wp-content\/litespeed\/avatar\/872feb88fb911cfc0932c4a8d64a7037.jpg?ver=1777659959","contentUrl":"https:\/\/www.divique.com\/wp-content\/litespeed\/avatar\/872feb88fb911cfc0932c4a8d64a7037.jpg?ver=1777659959","caption":"Jan Pulpan"},"sameAs":["https:\/\/www.divique.com"]}]}},"_links":{"self":[{"href":"https:\/\/www.divique.com\/sv\/wp-json\/wp\/v2\/posts\/3547","targetHints":{"allow":["GET"]}}],"collection":[{"href":"https:\/\/www.divique.com\/sv\/wp-json\/wp\/v2\/posts"}],"about":[{"href":"https:\/\/www.divique.com\/sv\/wp-json\/wp\/v2\/types\/post"}],"author":[{"embeddable":true,"href":"https:\/\/www.divique.com\/sv\/wp-json\/wp\/v2\/users\/1"}],"replies":[{"embeddable":true,"href":"https:\/\/www.divique.com\/sv\/wp-json\/wp\/v2\/comments?post=3547"}],"version-history":[{"count":1,"href":"https:\/\/www.divique.com\/sv\/wp-json\/wp\/v2\/posts\/3547\/revisions"}],"predecessor-version":[{"id":3549,"href":"https:\/\/www.divique.com\/sv\/wp-json\/wp\/v2\/posts\/3547\/revisions\/3549"}],"wp:featuredmedia":[{"embeddable":true,"href":"https:\/\/www.divique.com\/sv\/wp-json\/wp\/v2\/media\/3548"}],"wp:attachment":[{"href":"https:\/\/www.divique.com\/sv\/wp-json\/wp\/v2\/media?parent=3547"}],"wp:term":[{"taxonomy":"category","embeddable":true,"href":"https:\/\/www.divique.com\/sv\/wp-json\/wp\/v2\/categories?post=3547"},{"taxonomy":"post_tag","embeddable":true,"href":"https:\/\/www.divique.com\/sv\/wp-json\/wp\/v2\/tags?post=3547"}],"curies":[{"name":"wp","href":"https:\/\/api.w.org\/{rel}","templated":true}]}}