{"id":3537,"date":"2025-05-22T19:05:34","date_gmt":"2025-05-22T19:05:34","guid":{"rendered":"https:\/\/www.divique.com\/collagen-i-pulverform-ampuller-eller-kapslar-vilken-form-ska-du-valja"},"modified":"2025-11-13T12:09:31","modified_gmt":"2025-11-13T12:09:31","slug":"collagen-i-pulverform-ampuller-eller-kapslar-vilken-form-ska-du-valja","status":"publish","type":"post","link":"https:\/\/www.divique.com\/sv\/collagen-i-pulverform-ampuller-eller-kapslar-vilken-form-ska-du-valja","title":{"rendered":"Collagen i pulverform, ampuller eller kapslar \u2013 vilken form ska du v\u00e4lja?"},"content":{"rendered":"\n<p>Kollagen \u00e4r ett av de mest popul\u00e4ra kosttillskotten n\u00e4r det handlar om att ta hand om utseendet och sk\u00f6nheten inifr\u00e5n. Det \u00e4r inte konstigt \u2013 m\u00e5nga kvinnor inkluderar det i sin dagliga rutin just f\u00f6r att det har blivit en naturlig del av en modern self-care livsstil.<br\/>Men vilken form av kollagen ska du v\u00e4lja? Pulver, ampuller eller kapslar? I den h\u00e4r artikeln g\u00e5r vi igenom skillnaderna och hj\u00e4lper dig att hitta den form som passar dig b\u00e4st.   <\/p>\n\n<h2 class=\"wp-block-heading\">Vad \u00e4r kollagen och varf\u00f6r har det blivit en del av sk\u00f6nhetsrutiner?<\/h2>\n\n<p>Kollagen \u00e4r ett naturligt f\u00f6rekommande protein som finns i v\u00e5r kropp \u2013 framf\u00f6r allt i huden, lederna och bindv\u00e4ven.<br\/>Med tiden minskar dock m\u00e4ngden kollagen i kroppen. D\u00e4rf\u00f6r v\u00e4nder sig m\u00e5nga kvinnor till kollagentillskott som en del av sin kost och sin sk\u00f6nhetsrutin.<br\/>Kosttillskott med kollagen \u00e4r s\u00e4rskilt popul\u00e4ra i kombination med C-vitamin eller hyaluronsyra.  <\/p>\n\n<h2 class=\"wp-block-heading\">Kollagen i pulverform \u2013 utrymme f\u00f6r en daglig ritual<\/h2>\n\n<p>Kollagenpulver \u00e4r perfekt f\u00f6r dig som gillar att skapa din egen sk\u00f6nhetsrutin. Det kan enkelt blandas i vatten, juice eller smoothie. Osmaksatta varianter passar \u00e4ven bra i kaffe eller en \u00f6rtte p\u00e5 kv\u00e4llen.  <\/p>\n\n<h3 class=\"wp-block-heading\">F\u00f6rdelar med kollagen i pulverform:<\/h3>\n\n<ul class=\"wp-block-list\">\n<li>Smaken och anv\u00e4ndningen kan anpassas helt<\/li>\n\n\n\n<li>Praktiskt f\u00f6r daglig anv\u00e4ndning hemma<\/li>\n\n\n\n<li>F\u00f6rm\u00e5nligare pris per dos i en st\u00f6rre f\u00f6rpackning<\/li>\n\n\n\n<li>Neutral smak (eller l\u00e4tt smaksatt)<\/li>\n<\/ul>\n\n<p>\ud83d\udca1 <strong>Ett tips fr\u00e5n oss:<\/strong><br\/>Prova v\u00e5rt <a class=\"\" href=\"https:\/\/www.divique.com\/sv\/shop\">Divique Multi Collagen pulver<\/a> \u2013 det inneh\u00e5ller fem typer av kollagen (I, II, III, V och X), som var och en verkar p\u00e5 en specifik del av kroppen. En skopa om dagen och din sk\u00f6nhetsrutin kan b\u00f6rja. <\/p>\n\n<h2 class=\"wp-block-heading\">Kollagen i ampuller \u2013 n\u00e4r du har en fullsp\u00e4ckad dag<\/h2>\n\n<p>Flytande kollagen i form av shots \u00e4r f\u00e4rdigt att anv\u00e4nda direkt. Det \u00e4r perfekt f\u00f6r dig som har br\u00e5ttom p\u00e5 morgonen eller reser mycket. Det \u00e4r bara att \u00f6ppna ampullen och dricka \u2013 inget blandande, inga m\u00e5ttskopor.  <\/p>\n\n<h3 class=\"wp-block-heading\">F\u00f6rdelar med kollagen i ampuller:<\/h3>\n\n<ul class=\"wp-block-list\">\n<li>F\u00e4rdig att anv\u00e4nda direkt<\/li>\n\n\n\n<li>Praktisk dosering \u2013 perfekt f\u00f6r resor eller att ha i handv\u00e4skan<\/li>\n\n\n\n<li>Mild och behaglig smak<\/li>\n\n\n\n<li>Inneh\u00e5ller ofta \u00e4ven andra aktiva \u00e4mnen<\/li>\n<\/ul>\n\n<p>\ud83d\udca1 <strong>Prova till exempel:<\/strong><br\/><a class=\"\" href=\"https:\/\/www.divique.com\/sv\/shop\">Divique Collagen Hyaluron Shots<\/a> \u2013 praktiska ampuller med hydrolyserat kollagen, hyaluronsyra och C-vitamin.<\/p>\n\n<h2 class=\"wp-block-heading\">Kollagen i kapslar \u2013 ett minimalistiskt och praktiskt val<\/h2>\n\n<p>Kapslar \u00e4r en enkel och diskret l\u00f6sning. De passar f\u00f6r dig som f\u00f6redrar maximal enkelhet och inte vill t\u00e4nka p\u00e5 smak eller f\u00f6rberedelser. Sv\u00e4lj dem bara med vatten \u2013 och du \u00e4r klar.  <\/p>\n\n<h3 class=\"wp-block-heading\">F\u00f6rdelar med kollagen i kapslar:<\/h3>\n\n<ul class=\"wp-block-list\">\n<li>Ingen smak, ingen f\u00f6rberedelse<\/li>\n\n\n\n<li>L\u00e4tt att kombinera med andra kosttillskott<\/li>\n\n\n\n<li>Perfekt f\u00f6r resor och f\u00f6r kontoret<\/li>\n\n\n\n<li>Precis och praktisk dosering<\/li>\n<\/ul>\n\n<p>\ud83d\udca1<strong>V\u00e5rt val:<\/strong><br\/><a class=\"\" href=\"https:\/\/www.divique.com\/sv\/shop\">Divique Collagen Hyaluron Kapslar<\/a> \u2013 de inneh\u00e5ller hydrolyserat kollagen typ I, hyaluronsyra och C-vitamin.<\/p>\n\n<h2 class=\"wp-block-heading\">Snabb j\u00e4mf\u00f6relse: Vad passar dig b\u00e4st?<\/h2>\n\n<figure class=\"wp-block-table has-small-font-size\"><table class=\"has-fixed-layout\"><thead><tr><th>\ud83d\udca1 Egenskap<\/th><th>\ud83e\uddf4 Pulver<\/th><th>\ud83d\udca7 Ampuller (shots)<\/th><th>\ud83d\udc8a Kapslar<\/th><\/tr><\/thead><tbody><tr><td><strong>F\u00f6rberedelse<\/strong><\/td><td>Blandas med en dryck<\/td><td>F\u00e4rdigt att dricka<\/td><td>Tas med vatten<\/td><\/tr><tr><td><strong>Smak<\/strong><\/td><td>Osmaksatt eller mild smak<\/td><td>Behaglig smak<\/td><td>Utan smak<\/td><\/tr><tr><td><strong>Resor<\/strong><\/td><td>Mindre praktiskt<\/td><td>Idealisk f\u00f6r resor<\/td><td>Kompakt och enkelt<\/td><\/tr><tr><td><strong>Anv\u00e4ndningss\u00e4tt<\/strong><\/td><td>F\u00f6r en ritual<\/td><td>F\u00f6r snabbhet<\/td><td>F\u00f6r minimalister<\/td><\/tr><tr><td><strong>Pris per dos<\/strong><\/td><td>L\u00e4gre<\/td><td>N\u00e5got h\u00f6gre<\/td><td>Mellan<\/td><\/tr><tr><td><strong>Tillskott av andra \u00e4mnen<\/strong><\/td><td>Kan blandas i<\/td><td>Redan inneh\u00e5llna<\/td><td>Inneh\u00e5ller en kombination<\/td><\/tr><\/tbody><\/table><\/figure>\n\n<h2 class=\"wp-block-heading\">Vilken form av kollagen ska du v\u00e4lja?<\/h2>\n\n<ul class=\"wp-block-list\">\n<li><strong>Gillar du att g\u00f6ra en morgonsmoothie eller ta lite tid f\u00f6r dig sj\u00e4lv?<\/strong> V\u00e4lj pulvret.<\/li>\n\n\n\n<li><strong>Har du fullt upp och vill ha en f\u00e4rdig l\u00f6sning?<\/strong> Ampullerna blir din b\u00e4sta v\u00e4n.<\/li>\n\n\n\n<li><strong>Vill du g\u00f6ra det s\u00e5 enkelt som m\u00f6jligt?<\/strong> Kapslar \u00e4r det r\u00e4tta valet.<\/li>\n<\/ul>\n\n<p>\ud83d\udcab M\u00e5nga kvinnor kombinerar olika former \u2013 pulver hemma, ampuller i handv\u00e4skan, kapslar till helgen. Det \u00e4r helt upp till dig vad som passar dig b\u00e4st. <\/p>\n\n<h2 class=\"wp-block-heading\">Slutsats: B\u00f6rja d\u00e4r det k\u00e4nns mest bekv\u00e4mt f\u00f6r dig<\/h2>\n\n<p>Att v\u00e4lja r\u00e4tt form av kollagen \u00e4r enklare \u00e4n det verkar. Fokusera p\u00e5 vad som passar din dagliga rutin b\u00e4st \u2013 vare sig det handlar om bekv\u00e4mlighet, ritual eller praktisk anv\u00e4ndning. Alla v\u00e5ra produkter hittar du p\u00e5 ett och samma st\u00e4lle.  <\/p>\n\n<p>\u27a1\ufe0f <a class=\"\" href=\"https:\/\/www.divique.com\/sv\/shop\">Uppt\u00e4ck hela kolagenserien fr\u00e5n Divique<\/a><\/p>\n\n<h2 class=\"wp-block-heading\">\u2728 Ett sista tips<\/h2>\n\n<p>Det handlar inte bara om <strong>vilken form av kollagen<\/strong> du v\u00e4ljer \u2013 utan om <strong>hur regelbundet du f\u00e5r<\/strong> in det i din dag. Regelbundenhet \u00e4r nyckeln. \ud83d\udc96<\/p>\n","protected":false},"excerpt":{"rendered":"<p>Kollagen \u00e4r ett av de mest popul\u00e4ra kosttillskotten n\u00e4r det handlar om att ta hand om utseendet och sk\u00f6nheten inifr\u00e5n. Det \u00e4r inte konstigt \u2013 m\u00e5nga kvinnor inkluderar det i sin dagliga rutin just f\u00f6r att det har blivit en naturlig del av en modern...<\/p>\n","protected":false},"author":1,"featured_media":3538,"comment_status":"open","ping_status":"open","sticky":false,"template":"","format":"standard","meta":{"_acf_changed":false,"footnotes":""},"categories":[95],"tags":[],"class_list":["post-3537","post","type-post","status-publish","format-standard","has-post-thumbnail","hentry","category-okategoriserad"],"acf":[],"yoast_head":"<!-- This site is optimized with the Yoast SEO plugin v27.5 - https:\/\/yoast.com\/product\/yoast-seo-wordpress\/ -->\n<title>Kollagen i pulver, ampuller eller kapslar \u2013 vilken passar dig b\u00e4st?<\/title>\n<meta name=\"description\" content=\"Pulver, ampuller eller kapslar? Uppt\u00e4ck skillnaderna mellan de olika kollagenformerna och se vilken som passar b\u00e4st i din dagliga sk\u00f6nhetsrutin.\" \/>\n<meta name=\"robots\" content=\"index, follow, max-snippet:-1, max-image-preview:large, max-video-preview:-1\" \/>\n<link rel=\"canonical\" href=\"https:\/\/www.divique.com\/sv\/collagen-i-pulverform-ampuller-eller-kapslar-vilken-form-ska-du-valja\" \/>\n<meta property=\"og:locale\" content=\"sv_SE\" \/>\n<meta property=\"og:type\" content=\"article\" \/>\n<meta property=\"og:title\" content=\"Kollagen i pulver, ampuller eller kapslar \u2013 vilken passar dig b\u00e4st?\" \/>\n<meta property=\"og:description\" content=\"Pulver, ampuller eller kapslar? Uppt\u00e4ck skillnaderna mellan de olika kollagenformerna och se vilken som passar b\u00e4st i din dagliga sk\u00f6nhetsrutin.\" \/>\n<meta property=\"og:url\" content=\"https:\/\/www.divique.com\/sv\/collagen-i-pulverform-ampuller-eller-kapslar-vilken-form-ska-du-valja\" \/>\n<meta property=\"og:site_name\" content=\"Divique.com\" \/>\n<meta property=\"article:published_time\" content=\"2025-05-22T19:05:34+00:00\" \/>\n<meta property=\"article:modified_time\" content=\"2025-11-13T12:09:31+00:00\" \/>\n<meta property=\"og:image\" content=\"https:\/\/www.divique.com\/wp-content\/uploads\/collage3-1.jpg\" \/>\n\t<meta property=\"og:image:width\" content=\"2000\" \/>\n\t<meta property=\"og:image:height\" content=\"1413\" \/>\n\t<meta property=\"og:image:type\" content=\"image\/jpeg\" \/>\n<meta name=\"author\" content=\"Jan Pulpan\" \/>\n<meta name=\"twitter:card\" content=\"summary_large_image\" \/>\n<meta name=\"twitter:label1\" content=\"Skriven av\" \/>\n\t<meta name=\"twitter:data1\" content=\"Jan Pulpan\" \/>\n\t<meta name=\"twitter:label2\" content=\"Ber\u00e4knad l\u00e4stid\" \/>\n\t<meta name=\"twitter:data2\" content=\"4 minuter\" \/>\n<script type=\"application\/ld+json\" class=\"yoast-schema-graph\">{\"@context\":\"https:\\\/\\\/schema.org\",\"@graph\":[{\"@type\":\"Article\",\"@id\":\"https:\\\/\\\/www.divique.com\\\/sv\\\/collagen-i-pulverform-ampuller-eller-kapslar-vilken-form-ska-du-valja#article\",\"isPartOf\":{\"@id\":\"https:\\\/\\\/www.divique.com\\\/sv\\\/collagen-i-pulverform-ampuller-eller-kapslar-vilken-form-ska-du-valja\"},\"author\":{\"name\":\"Jan Pulpan\",\"@id\":\"https:\\\/\\\/www.divique.com\\\/sv#\\\/schema\\\/person\\\/c6d239d6b1475a5526da61513cc0693e\"},\"headline\":\"Collagen i pulverform, ampuller eller kapslar \u2013 vilken form ska du v\u00e4lja?\",\"datePublished\":\"2025-05-22T19:05:34+00:00\",\"dateModified\":\"2025-11-13T12:09:31+00:00\",\"mainEntityOfPage\":{\"@id\":\"https:\\\/\\\/www.divique.com\\\/sv\\\/collagen-i-pulverform-ampuller-eller-kapslar-vilken-form-ska-du-valja\"},\"wordCount\":775,\"commentCount\":0,\"publisher\":{\"@id\":\"https:\\\/\\\/www.divique.com\\\/sv#organization\"},\"image\":{\"@id\":\"https:\\\/\\\/www.divique.com\\\/sv\\\/collagen-i-pulverform-ampuller-eller-kapslar-vilken-form-ska-du-valja#primaryimage\"},\"thumbnailUrl\":\"https:\\\/\\\/www.divique.com\\\/wp-content\\\/uploads\\\/collage3-1.jpg\",\"articleSection\":[\"Okategoriserad\"],\"inLanguage\":\"sv-SE\",\"potentialAction\":[{\"@type\":\"CommentAction\",\"name\":\"Comment\",\"target\":[\"https:\\\/\\\/www.divique.com\\\/sv\\\/collagen-i-pulverform-ampuller-eller-kapslar-vilken-form-ska-du-valja#respond\"]}]},{\"@type\":\"WebPage\",\"@id\":\"https:\\\/\\\/www.divique.com\\\/sv\\\/collagen-i-pulverform-ampuller-eller-kapslar-vilken-form-ska-du-valja\",\"url\":\"https:\\\/\\\/www.divique.com\\\/sv\\\/collagen-i-pulverform-ampuller-eller-kapslar-vilken-form-ska-du-valja\",\"name\":\"Kollagen i pulver, ampuller eller kapslar \u2013 vilken passar dig b\u00e4st?\",\"isPartOf\":{\"@id\":\"https:\\\/\\\/www.divique.com\\\/sv#website\"},\"primaryImageOfPage\":{\"@id\":\"https:\\\/\\\/www.divique.com\\\/sv\\\/collagen-i-pulverform-ampuller-eller-kapslar-vilken-form-ska-du-valja#primaryimage\"},\"image\":{\"@id\":\"https:\\\/\\\/www.divique.com\\\/sv\\\/collagen-i-pulverform-ampuller-eller-kapslar-vilken-form-ska-du-valja#primaryimage\"},\"thumbnailUrl\":\"https:\\\/\\\/www.divique.com\\\/wp-content\\\/uploads\\\/collage3-1.jpg\",\"datePublished\":\"2025-05-22T19:05:34+00:00\",\"dateModified\":\"2025-11-13T12:09:31+00:00\",\"description\":\"Pulver, ampuller eller kapslar? Uppt\u00e4ck skillnaderna mellan de olika kollagenformerna och se vilken som passar b\u00e4st i din dagliga sk\u00f6nhetsrutin.\",\"breadcrumb\":{\"@id\":\"https:\\\/\\\/www.divique.com\\\/sv\\\/collagen-i-pulverform-ampuller-eller-kapslar-vilken-form-ska-du-valja#breadcrumb\"},\"inLanguage\":\"sv-SE\",\"potentialAction\":[{\"@type\":\"ReadAction\",\"target\":[\"https:\\\/\\\/www.divique.com\\\/sv\\\/collagen-i-pulverform-ampuller-eller-kapslar-vilken-form-ska-du-valja\"]}]},{\"@type\":\"ImageObject\",\"inLanguage\":\"sv-SE\",\"@id\":\"https:\\\/\\\/www.divique.com\\\/sv\\\/collagen-i-pulverform-ampuller-eller-kapslar-vilken-form-ska-du-valja#primaryimage\",\"url\":\"https:\\\/\\\/www.divique.com\\\/wp-content\\\/uploads\\\/collage3-1.jpg\",\"contentUrl\":\"https:\\\/\\\/www.divique.com\\\/wp-content\\\/uploads\\\/collage3-1.jpg\",\"width\":2000,\"height\":1413},{\"@type\":\"BreadcrumbList\",\"@id\":\"https:\\\/\\\/www.divique.com\\\/sv\\\/collagen-i-pulverform-ampuller-eller-kapslar-vilken-form-ska-du-valja#breadcrumb\",\"itemListElement\":[{\"@type\":\"ListItem\",\"position\":1,\"name\":\"Home\",\"item\":\"https:\\\/\\\/www.divique.com\\\/sv\\\/home\"},{\"@type\":\"ListItem\",\"position\":2,\"name\":\"Collagen i pulverform, ampuller eller kapslar \u2013 vilken form ska du v\u00e4lja?\"}]},{\"@type\":\"WebSite\",\"@id\":\"https:\\\/\\\/www.divique.com\\\/sv#website\",\"url\":\"https:\\\/\\\/www.divique.com\\\/sv\",\"name\":\"Divique.com\",\"description\":\"Be Divique. Kolagenov\u00e1 \u0159ada pro sebev\u011bdom\u00e9 \u017eeny. Kolagen a kyselina hyaluronov\u00e1 ve form\u011b, kter\u00e1 V\u00e1m bude vyhovovat.\",\"publisher\":{\"@id\":\"https:\\\/\\\/www.divique.com\\\/sv#organization\"},\"potentialAction\":[{\"@type\":\"SearchAction\",\"target\":{\"@type\":\"EntryPoint\",\"urlTemplate\":\"https:\\\/\\\/www.divique.com\\\/sv?s={search_term_string}\"},\"query-input\":{\"@type\":\"PropertyValueSpecification\",\"valueRequired\":true,\"valueName\":\"search_term_string\"}}],\"inLanguage\":\"sv-SE\"},{\"@type\":\"Organization\",\"@id\":\"https:\\\/\\\/www.divique.com\\\/sv#organization\",\"name\":\"DIVIQUE s.r.o.\",\"url\":\"https:\\\/\\\/www.divique.com\\\/sv\",\"logo\":{\"@type\":\"ImageObject\",\"inLanguage\":\"sv-SE\",\"@id\":\"https:\\\/\\\/www.divique.com\\\/sv#\\\/schema\\\/logo\\\/image\\\/\",\"url\":\"https:\\\/\\\/www.divique.com\\\/wp-content\\\/uploads\\\/2022\\\/04\\\/divique-logo.png\",\"contentUrl\":\"https:\\\/\\\/www.divique.com\\\/wp-content\\\/uploads\\\/2022\\\/04\\\/divique-logo.png\",\"width\":196,\"height\":64,\"caption\":\"DIVIQUE s.r.o.\"},\"image\":{\"@id\":\"https:\\\/\\\/www.divique.com\\\/sv#\\\/schema\\\/logo\\\/image\\\/\"}},{\"@type\":\"Person\",\"@id\":\"https:\\\/\\\/www.divique.com\\\/sv#\\\/schema\\\/person\\\/c6d239d6b1475a5526da61513cc0693e\",\"name\":\"Jan Pulpan\",\"image\":{\"@type\":\"ImageObject\",\"inLanguage\":\"sv-SE\",\"@id\":\"https:\\\/\\\/www.divique.com\\\/wp-content\\\/litespeed\\\/avatar\\\/872feb88fb911cfc0932c4a8d64a7037.jpg?ver=1777659959\",\"url\":\"https:\\\/\\\/www.divique.com\\\/wp-content\\\/litespeed\\\/avatar\\\/872feb88fb911cfc0932c4a8d64a7037.jpg?ver=1777659959\",\"contentUrl\":\"https:\\\/\\\/www.divique.com\\\/wp-content\\\/litespeed\\\/avatar\\\/872feb88fb911cfc0932c4a8d64a7037.jpg?ver=1777659959\",\"caption\":\"Jan Pulpan\"},\"sameAs\":[\"https:\\\/\\\/www.divique.com\"]}]}<\/script>\n<!-- \/ Yoast SEO plugin. -->","yoast_head_json":{"title":"Kollagen i pulver, ampuller eller kapslar \u2013 vilken passar dig b\u00e4st?","description":"Pulver, ampuller eller kapslar? Uppt\u00e4ck skillnaderna mellan de olika kollagenformerna och se vilken som passar b\u00e4st i din dagliga sk\u00f6nhetsrutin.","robots":{"index":"index","follow":"follow","max-snippet":"max-snippet:-1","max-image-preview":"max-image-preview:large","max-video-preview":"max-video-preview:-1"},"canonical":"https:\/\/www.divique.com\/sv\/collagen-i-pulverform-ampuller-eller-kapslar-vilken-form-ska-du-valja","og_locale":"sv_SE","og_type":"article","og_title":"Kollagen i pulver, ampuller eller kapslar \u2013 vilken passar dig b\u00e4st?","og_description":"Pulver, ampuller eller kapslar? Uppt\u00e4ck skillnaderna mellan de olika kollagenformerna och se vilken som passar b\u00e4st i din dagliga sk\u00f6nhetsrutin.","og_url":"https:\/\/www.divique.com\/sv\/collagen-i-pulverform-ampuller-eller-kapslar-vilken-form-ska-du-valja","og_site_name":"Divique.com","article_published_time":"2025-05-22T19:05:34+00:00","article_modified_time":"2025-11-13T12:09:31+00:00","og_image":[{"width":2000,"height":1413,"url":"https:\/\/www.divique.com\/wp-content\/uploads\/collage3-1.jpg","type":"image\/jpeg"}],"author":"Jan Pulpan","twitter_card":"summary_large_image","twitter_misc":{"Skriven av":"Jan Pulpan","Ber\u00e4knad l\u00e4stid":"4 minuter"},"schema":{"@context":"https:\/\/schema.org","@graph":[{"@type":"Article","@id":"https:\/\/www.divique.com\/sv\/collagen-i-pulverform-ampuller-eller-kapslar-vilken-form-ska-du-valja#article","isPartOf":{"@id":"https:\/\/www.divique.com\/sv\/collagen-i-pulverform-ampuller-eller-kapslar-vilken-form-ska-du-valja"},"author":{"name":"Jan Pulpan","@id":"https:\/\/www.divique.com\/sv#\/schema\/person\/c6d239d6b1475a5526da61513cc0693e"},"headline":"Collagen i pulverform, ampuller eller kapslar \u2013 vilken form ska du v\u00e4lja?","datePublished":"2025-05-22T19:05:34+00:00","dateModified":"2025-11-13T12:09:31+00:00","mainEntityOfPage":{"@id":"https:\/\/www.divique.com\/sv\/collagen-i-pulverform-ampuller-eller-kapslar-vilken-form-ska-du-valja"},"wordCount":775,"commentCount":0,"publisher":{"@id":"https:\/\/www.divique.com\/sv#organization"},"image":{"@id":"https:\/\/www.divique.com\/sv\/collagen-i-pulverform-ampuller-eller-kapslar-vilken-form-ska-du-valja#primaryimage"},"thumbnailUrl":"https:\/\/www.divique.com\/wp-content\/uploads\/collage3-1.jpg","articleSection":["Okategoriserad"],"inLanguage":"sv-SE","potentialAction":[{"@type":"CommentAction","name":"Comment","target":["https:\/\/www.divique.com\/sv\/collagen-i-pulverform-ampuller-eller-kapslar-vilken-form-ska-du-valja#respond"]}]},{"@type":"WebPage","@id":"https:\/\/www.divique.com\/sv\/collagen-i-pulverform-ampuller-eller-kapslar-vilken-form-ska-du-valja","url":"https:\/\/www.divique.com\/sv\/collagen-i-pulverform-ampuller-eller-kapslar-vilken-form-ska-du-valja","name":"Kollagen i pulver, ampuller eller kapslar \u2013 vilken passar dig b\u00e4st?","isPartOf":{"@id":"https:\/\/www.divique.com\/sv#website"},"primaryImageOfPage":{"@id":"https:\/\/www.divique.com\/sv\/collagen-i-pulverform-ampuller-eller-kapslar-vilken-form-ska-du-valja#primaryimage"},"image":{"@id":"https:\/\/www.divique.com\/sv\/collagen-i-pulverform-ampuller-eller-kapslar-vilken-form-ska-du-valja#primaryimage"},"thumbnailUrl":"https:\/\/www.divique.com\/wp-content\/uploads\/collage3-1.jpg","datePublished":"2025-05-22T19:05:34+00:00","dateModified":"2025-11-13T12:09:31+00:00","description":"Pulver, ampuller eller kapslar? Uppt\u00e4ck skillnaderna mellan de olika kollagenformerna och se vilken som passar b\u00e4st i din dagliga sk\u00f6nhetsrutin.","breadcrumb":{"@id":"https:\/\/www.divique.com\/sv\/collagen-i-pulverform-ampuller-eller-kapslar-vilken-form-ska-du-valja#breadcrumb"},"inLanguage":"sv-SE","potentialAction":[{"@type":"ReadAction","target":["https:\/\/www.divique.com\/sv\/collagen-i-pulverform-ampuller-eller-kapslar-vilken-form-ska-du-valja"]}]},{"@type":"ImageObject","inLanguage":"sv-SE","@id":"https:\/\/www.divique.com\/sv\/collagen-i-pulverform-ampuller-eller-kapslar-vilken-form-ska-du-valja#primaryimage","url":"https:\/\/www.divique.com\/wp-content\/uploads\/collage3-1.jpg","contentUrl":"https:\/\/www.divique.com\/wp-content\/uploads\/collage3-1.jpg","width":2000,"height":1413},{"@type":"BreadcrumbList","@id":"https:\/\/www.divique.com\/sv\/collagen-i-pulverform-ampuller-eller-kapslar-vilken-form-ska-du-valja#breadcrumb","itemListElement":[{"@type":"ListItem","position":1,"name":"Home","item":"https:\/\/www.divique.com\/sv\/home"},{"@type":"ListItem","position":2,"name":"Collagen i pulverform, ampuller eller kapslar \u2013 vilken form ska du v\u00e4lja?"}]},{"@type":"WebSite","@id":"https:\/\/www.divique.com\/sv#website","url":"https:\/\/www.divique.com\/sv","name":"Divique.com","description":"Be Divique. Kolagenov\u00e1 \u0159ada pro sebev\u011bdom\u00e9 \u017eeny. Kolagen a kyselina hyaluronov\u00e1 ve form\u011b, kter\u00e1 V\u00e1m bude vyhovovat.","publisher":{"@id":"https:\/\/www.divique.com\/sv#organization"},"potentialAction":[{"@type":"SearchAction","target":{"@type":"EntryPoint","urlTemplate":"https:\/\/www.divique.com\/sv?s={search_term_string}"},"query-input":{"@type":"PropertyValueSpecification","valueRequired":true,"valueName":"search_term_string"}}],"inLanguage":"sv-SE"},{"@type":"Organization","@id":"https:\/\/www.divique.com\/sv#organization","name":"DIVIQUE s.r.o.","url":"https:\/\/www.divique.com\/sv","logo":{"@type":"ImageObject","inLanguage":"sv-SE","@id":"https:\/\/www.divique.com\/sv#\/schema\/logo\/image\/","url":"https:\/\/www.divique.com\/wp-content\/uploads\/2022\/04\/divique-logo.png","contentUrl":"https:\/\/www.divique.com\/wp-content\/uploads\/2022\/04\/divique-logo.png","width":196,"height":64,"caption":"DIVIQUE s.r.o."},"image":{"@id":"https:\/\/www.divique.com\/sv#\/schema\/logo\/image\/"}},{"@type":"Person","@id":"https:\/\/www.divique.com\/sv#\/schema\/person\/c6d239d6b1475a5526da61513cc0693e","name":"Jan Pulpan","image":{"@type":"ImageObject","inLanguage":"sv-SE","@id":"https:\/\/www.divique.com\/wp-content\/litespeed\/avatar\/872feb88fb911cfc0932c4a8d64a7037.jpg?ver=1777659959","url":"https:\/\/www.divique.com\/wp-content\/litespeed\/avatar\/872feb88fb911cfc0932c4a8d64a7037.jpg?ver=1777659959","contentUrl":"https:\/\/www.divique.com\/wp-content\/litespeed\/avatar\/872feb88fb911cfc0932c4a8d64a7037.jpg?ver=1777659959","caption":"Jan Pulpan"},"sameAs":["https:\/\/www.divique.com"]}]}},"_links":{"self":[{"href":"https:\/\/www.divique.com\/sv\/wp-json\/wp\/v2\/posts\/3537","targetHints":{"allow":["GET"]}}],"collection":[{"href":"https:\/\/www.divique.com\/sv\/wp-json\/wp\/v2\/posts"}],"about":[{"href":"https:\/\/www.divique.com\/sv\/wp-json\/wp\/v2\/types\/post"}],"author":[{"embeddable":true,"href":"https:\/\/www.divique.com\/sv\/wp-json\/wp\/v2\/users\/1"}],"replies":[{"embeddable":true,"href":"https:\/\/www.divique.com\/sv\/wp-json\/wp\/v2\/comments?post=3537"}],"version-history":[{"count":1,"href":"https:\/\/www.divique.com\/sv\/wp-json\/wp\/v2\/posts\/3537\/revisions"}],"predecessor-version":[{"id":3539,"href":"https:\/\/www.divique.com\/sv\/wp-json\/wp\/v2\/posts\/3537\/revisions\/3539"}],"wp:featuredmedia":[{"embeddable":true,"href":"https:\/\/www.divique.com\/sv\/wp-json\/wp\/v2\/media\/3538"}],"wp:attachment":[{"href":"https:\/\/www.divique.com\/sv\/wp-json\/wp\/v2\/media?parent=3537"}],"wp:term":[{"taxonomy":"category","embeddable":true,"href":"https:\/\/www.divique.com\/sv\/wp-json\/wp\/v2\/categories?post=3537"},{"taxonomy":"post_tag","embeddable":true,"href":"https:\/\/www.divique.com\/sv\/wp-json\/wp\/v2\/tags?post=3537"}],"curies":[{"name":"wp","href":"https:\/\/api.w.org\/{rel}","templated":true}]}}