{"id":3479,"date":"2025-08-29T16:52:04","date_gmt":"2025-08-29T16:52:04","guid":{"rendered":"https:\/\/www.divique.com\/preco-po-30-ke-zacina-klesat-produkcia-kolagenu-a-co-s-tym-robit"},"modified":"2025-09-02T07:23:42","modified_gmt":"2025-09-02T07:23:42","slug":"preco-po-30-ke-zacina-klesat-produkcia-kolagenu-a-co-s-tym-robit","status":"publish","type":"post","link":"https:\/\/www.divique.com\/sk\/preco-po-30-ke-zacina-klesat-produkcia-kolagenu-a-co-s-tym-robit","title":{"rendered":"Pre\u010do po 30-ke za\u010d\u00edna klesa\u0165 produkcia kolag\u00e9nu a \u010do s t\u00fdm robi\u0165"},"content":{"rendered":"\n<p>Kolag\u00e9n je bielkovina, ktor\u00e1 tvor\u00ed z\u00e1kladn\u00fd stavebn\u00fd kame\u0148 na\u0161ej poko\u017eky, vlasov, nechtov aj k\u013abov. V\u010faka nemu je poko\u017eka pru\u017en\u00e1, pevn\u00e1 a mladistv\u00e1. No okolo 30. roku sa za\u010dne dia\u0165 nie\u010do, \u010do si \u010dasto v\u0161imneme pri poh\u013eade do zrkadla \u2013 <strong>produkcia kolag\u00e9nu kles\u00e1<\/strong>. Pre\u010do sa to deje a \u010do s t\u00fdm m\u00f4\u017ee\u0161 urobi\u0165?    <\/p>\n\n<figure class=\"wp-block-image size-large\"><img loading=\"lazy\" decoding=\"async\" width=\"1024\" height=\"683\" src=\"https:\/\/www.divique.com\/wp-content\/uploads\/2023\/04\/woman-mirror-1024x683.jpeg\" alt=\"\" class=\"wp-image-1194\" srcset=\"https:\/\/www.divique.com\/wp-content\/uploads\/2023\/04\/woman-mirror-1024x683.jpeg 1024w, https:\/\/www.divique.com\/wp-content\/uploads\/2023\/04\/woman-mirror-480x320.jpeg 480w, https:\/\/www.divique.com\/wp-content\/uploads\/2023\/04\/woman-mirror-640x427.jpeg 640w, https:\/\/www.divique.com\/wp-content\/uploads\/2023\/04\/woman-mirror-720x480.jpeg 720w, https:\/\/www.divique.com\/wp-content\/uploads\/2023\/04\/woman-mirror-960x641.jpeg 960w, https:\/\/www.divique.com\/wp-content\/uploads\/2023\/04\/woman-mirror-1168x779.jpeg 1168w, https:\/\/www.divique.com\/wp-content\/uploads\/2023\/04\/woman-mirror-1440x961.jpeg 1440w, https:\/\/www.divique.com\/wp-content\/uploads\/2023\/04\/woman-mirror-1920x1281.jpeg 1920w, https:\/\/www.divique.com\/wp-content\/uploads\/2023\/04\/woman-mirror-300x200.jpeg 300w, https:\/\/www.divique.com\/wp-content\/uploads\/2023\/04\/woman-mirror-768x512.jpeg 768w, https:\/\/www.divique.com\/wp-content\/uploads\/2023\/04\/woman-mirror-1536x1025.jpeg 1536w, https:\/\/www.divique.com\/wp-content\/uploads\/2023\/04\/woman-mirror-2048x1366.jpeg 2048w, https:\/\/www.divique.com\/wp-content\/uploads\/2023\/04\/woman-mirror-600x400.jpeg 600w, https:\/\/www.divique.com\/wp-content\/uploads\/2023\/04\/woman-mirror.jpeg 2500w\" sizes=\"auto, (max-width: 1024px) 100vw, 1024px\" \/><\/figure>\n\n<h2 class=\"wp-block-heading\">Pre\u010do kles\u00e1 kolag\u00e9n po 30-ke?<\/h2>\n\n<p>Okolo tridsiatky sa na\u0161e telo za\u010dne prirodzene meni\u0165. K\u00fdm v mladosti si kolag\u00e9n bez probl\u00e9mov vytv\u00e1rame sami, po 25. roku sa jeho produkcia postupne zni\u017euje \u2013 a po 30-ke je \u00fabytok v\u00fdraznej\u0161\u00ed.  <\/p>\n\n<p>Hlavn\u00e9 d\u00f4vody:<\/p>\n\n<ul class=\"wp-block-list\">\n<li><strong>Prirodzen\u00e9 starnutie:<\/strong> bunky zodpovedn\u00e9 za tvorbu kolag\u00e9nu pracuj\u00fa pomal\u0161ie.<\/li>\n\n\n\n<li><strong>\u017divotn\u00fd \u0161t\u00fdl:<\/strong> faj\u010denie, \u010dast\u00e9 opa\u013eovanie, stres alebo nedostatok sp\u00e1nku proces ur\u00fdch\u013euj\u00fa.<\/li>\n\n\n\n<li><strong>Nedostatok \u017eiv\u00edn:<\/strong> aminokyseliny a vitam\u00edn C s\u00fa nevyhnutn\u00e9 na tvorbu kolag\u00e9nu.<\/li>\n\n\n\n<li><strong>Oxida\u010dn\u00fd stres:<\/strong> vo\u013en\u00e9 radik\u00e1ly po\u0161kodzuj\u00fa kolag\u00e9nov\u00e9 vl\u00e1kna.<\/li>\n<\/ul>\n\n<p>V\u00fdsledkom je, \u017ee poko\u017eka postupne str\u00e1ca pru\u017enos\u0165, objavuj\u00fa sa prv\u00e9 vr\u00e1sky a ple\u0165 p\u00f4sob\u00ed unavene.<\/p>\n\n<h2 class=\"wp-block-heading\">Pr\u00edznaky nedostatku kolag\u00e9nu<\/h2>\n\n<p>Chce\u0161 vedie\u0165, \u010di tvojmu telu ch\u00fdba kolag\u00e9n? Medzi typick\u00e9 pr\u00edznaky patria: <\/p>\n\n<ul class=\"wp-block-list\">\n<li>jemn\u00e9 vr\u00e1sky a ochabnut\u00e1 ple\u0165,<\/li>\n\n\n\n<li>suchos\u0165 poko\u017eky,<\/li>\n\n\n\n<li>slab\u0161ie a l\u00e1mav\u00e9 vlasy,<\/li>\n\n\n\n<li>\u0161tiepia sa nechty,<\/li>\n\n\n\n<li>boles\u0165 k\u013abov alebo pomal\u0161ia regener\u00e1cia po \u0161porte.<\/li>\n<\/ul>\n\n<figure class=\"wp-block-image size-large\"><img loading=\"lazy\" decoding=\"async\" width=\"1024\" height=\"683\" src=\"https:\/\/www.divique.com\/wp-content\/uploads\/woman_looking_into_mirror-1024x683.jpeg\" alt=\"\" class=\"wp-image-3468\" srcset=\"https:\/\/www.divique.com\/wp-content\/uploads\/woman_looking_into_mirror-1024x683.jpeg 1024w, https:\/\/www.divique.com\/wp-content\/uploads\/woman_looking_into_mirror-300x200.jpeg 300w, https:\/\/www.divique.com\/wp-content\/uploads\/woman_looking_into_mirror-768x512.jpeg 768w, https:\/\/www.divique.com\/wp-content\/uploads\/woman_looking_into_mirror-1536x1024.jpeg 1536w, https:\/\/www.divique.com\/wp-content\/uploads\/woman_looking_into_mirror-2048x1365.jpeg 2048w, https:\/\/www.divique.com\/wp-content\/uploads\/woman_looking_into_mirror-480x320.jpeg 480w, https:\/\/www.divique.com\/wp-content\/uploads\/woman_looking_into_mirror-640x427.jpeg 640w, https:\/\/www.divique.com\/wp-content\/uploads\/woman_looking_into_mirror-720x480.jpeg 720w, https:\/\/www.divique.com\/wp-content\/uploads\/woman_looking_into_mirror-960x640.jpeg 960w, https:\/\/www.divique.com\/wp-content\/uploads\/woman_looking_into_mirror-1168x779.jpeg 1168w, https:\/\/www.divique.com\/wp-content\/uploads\/woman_looking_into_mirror-1440x960.jpeg 1440w, https:\/\/www.divique.com\/wp-content\/uploads\/woman_looking_into_mirror-1920x1280.jpeg 1920w, https:\/\/www.divique.com\/wp-content\/uploads\/woman_looking_into_mirror-600x400.jpeg 600w, https:\/\/www.divique.com\/wp-content\/uploads\/woman_looking_into_mirror-scaled.jpeg 2560w\" sizes=\"auto, (max-width: 1024px) 100vw, 1024px\" \/><\/figure>\n\n<h2 class=\"wp-block-heading\">Ako podpori\u0165 tvorbu kolag\u00e9nu<\/h2>\n\n<p>Dobr\u00e1 spr\u00e1va je, \u017ee \u00fabytok kolag\u00e9nu nemus\u00ed\u0161 len pas\u00edvne sledova\u0165. Existuje viacero ciest, ako m\u00f4\u017ee\u0161 jeho tvorbu podpori\u0165 a t\u00fdm zlep\u0161i\u0165 vzh\u013ead svojej pleti. <\/p>\n\n<h3 class=\"wp-block-heading\">1. Strava bohat\u00e1 na bielkoviny a vitam\u00edn C<\/h3>\n\n<p>Kolag\u00e9n vznik\u00e1 z aminokysel\u00edn (glyc\u00edn, prol\u00edn, hydroxyprol\u00edn), ktor\u00e9 z\u00edskava\u0161 najm\u00e4 z bielkov\u00edn. D\u00f4le\u017eit\u00fa \u00falohu hr\u00e1 vitam\u00edn C, bez ktor\u00e9ho telo kolag\u00e9n v\u00f4bec nevie syntetizova\u0165. <\/p>\n\n<ul class=\"wp-block-list\">\n<li>Zara\u010f do jed\u00e1lni\u010dka: chud\u00e9 m\u00e4so, ryby, vajcia, citrusy, papriky, brokolicu.<\/li>\n<\/ul>\n\n<h3 class=\"wp-block-heading\">2. Kolag\u00e9nov\u00e9 doplnky po 30-ke<\/h3>\n\n<p>Ak chce\u0161 ma\u0165 istotu, \u017ee telo dostane dostatok stavebn\u00fdch l\u00e1tok, siahni po <a href=\"https:\/\/www.divique.com\/sk\/shop\">kolag\u00e9nov\u00fdch doplnkoch<\/a>. Najlep\u0161\u00ed kolag\u00e9n po 30-ke je <a href=\"https:\/\/www.divique.com\/sk\/produkt\/divique-multi-collagen\">hydrolyzovan\u00fd kolag\u00e9n<\/a>, ktor\u00fd sa dobre vstreb\u00e1va. <\/p>\n\n<ul class=\"wp-block-list\">\n<li>Ob\u013e\u00faben\u00e9 s\u00fa formy kolag\u00e9nu: <a href=\"https:\/\/www.divique.com\/sk\/produkt\/divique-multi-collagen\">kolag\u00e9nov\u00fd pr\u00e1\u0161ok<\/a>, <a href=\"https:\/\/www.divique.com\/sk\/produkt\/divique-collagen-hyaluron-shots\">tekut\u00fd kolag\u00e9n v ampulk\u00e1ch<\/a>, <a href=\"https:\/\/www.divique.com\/sk\/produkt\/divique-collagen-hyaluron\">kapsuly s kolag\u00e9nom<\/a>.<\/li>\n<\/ul>\n\n<h3 class=\"wp-block-heading\">3. Vitam\u00edn C a kolag\u00e9n<\/h3>\n\n<p>Ak u\u017e\u00edva\u0161 kolag\u00e9n, nezabudni ho kombinova\u0165 pr\u00e1ve s <a href=\"https:\/\/www.divique.com\/sk\/produkt\/divique-vitamin-c\">vitam\u00ednom C<\/a>. Bez neho by telo nedok\u00e1zalo kolag\u00e9n z doplnkov vyu\u017ei\u0165 naplno. Napr\u00edklad tropick\u00e9 ovocie Camu Camu, poch\u00e1dzaj\u00face z Amazonie, je v\u00fdborn\u00fdm rastlinn\u00fdm zdrojom vitam\u00ednu C.  <\/p>\n\n<h3 class=\"wp-block-heading\">4. Estetick\u00e9 z\u00e1kroky<\/h3>\n\n<p>Kto chce intenz\u00edvnej\u0161\u00ed efekt, m\u00f4\u017ee si zvoli\u0165 aj proced\u00fary, ktor\u00e9 stimuluj\u00fa tvorbu kolag\u00e9nu priamo v poko\u017eke:<\/p>\n\n<ul class=\"wp-block-list\">\n<li>microneedling,<\/li>\n\n\n\n<li>laserov\u00e9 o\u0161etrenie,<\/li>\n\n\n\n<li>r\u00e1diofrekvencia.<\/li>\n<\/ul>\n\n<h3 class=\"wp-block-heading\">5. \u017divotn\u00fd \u0161t\u00fdl<\/h3>\n\n<p>Nepodce\u0148uj vplyv \u017eivotn\u00e9ho \u0161t\u00fdlu na obsah kolag\u00e9nu v tvojom tele. Sk\u00fas obmedzi\u0165 faj\u010denie, chr\u00e1\u0148 ple\u0165 pred UV \u017eiaren\u00edm, dostato\u010dne spi a dopraj si pravideln\u00fd pohyb. <\/p>\n\n<figure class=\"wp-block-image size-large\"><img loading=\"lazy\" decoding=\"async\" width=\"1024\" height=\"683\" src=\"https:\/\/www.divique.com\/wp-content\/uploads\/beauty-generation-1024x683.jpg\" alt=\"\" class=\"wp-image-1429\" srcset=\"https:\/\/www.divique.com\/wp-content\/uploads\/beauty-generation-1024x683.jpg 1024w, https:\/\/www.divique.com\/wp-content\/uploads\/beauty-generation-300x200.jpg 300w, https:\/\/www.divique.com\/wp-content\/uploads\/beauty-generation-768x512.jpg 768w, https:\/\/www.divique.com\/wp-content\/uploads\/beauty-generation-1536x1025.jpg 1536w, https:\/\/www.divique.com\/wp-content\/uploads\/beauty-generation-2048x1366.jpg 2048w, https:\/\/www.divique.com\/wp-content\/uploads\/beauty-generation-480x320.jpg 480w, https:\/\/www.divique.com\/wp-content\/uploads\/beauty-generation-640x427.jpg 640w, https:\/\/www.divique.com\/wp-content\/uploads\/beauty-generation-720x480.jpg 720w, https:\/\/www.divique.com\/wp-content\/uploads\/beauty-generation-960x641.jpg 960w, https:\/\/www.divique.com\/wp-content\/uploads\/beauty-generation-1168x779.jpg 1168w, https:\/\/www.divique.com\/wp-content\/uploads\/beauty-generation-1440x961.jpg 1440w, https:\/\/www.divique.com\/wp-content\/uploads\/beauty-generation-1920x1281.jpg 1920w, https:\/\/www.divique.com\/wp-content\/uploads\/beauty-generation-600x400.jpg 600w, https:\/\/www.divique.com\/wp-content\/uploads\/beauty-generation.jpg 2500w\" sizes=\"auto, (max-width: 1024px) 100vw, 1024px\" \/><\/figure>\n\n<h2 class=\"wp-block-heading\">Kolag\u00e9n a starnutie pleti<\/h2>\n\n<p>Kolag\u00e9n je \u00fazko spojen\u00fd so starnut\u00edm pleti. Ke\u010f ho je dostatok, ple\u0165 je pevn\u00e1 a \u017eiariv\u00e1. Ke\u010f ch\u00fdba, vznikaj\u00fa vr\u00e1sky, str\u00e1ca sa objem a ple\u0165 p\u00f4sob\u00ed povadle. Preto je d\u00f4le\u017eit\u00e9 za\u010da\u0165 sa o doplnenie kolag\u00e9nu stara\u0165 v\u010das, sk\u00f4r ne\u017e sa tieto prejavy objavia. A to nielen pomocou kozmetiky, ale hlavne zvn\u00fatra.    <\/p>\n\n<h2 class=\"wp-block-heading\">Kolag\u00e9nov\u00e9 s\u00e9rum vs doplnky<\/h2>\n\n<p>Mo\u017eno ti napadlo, \u010di sta\u010d\u00ed pou\u017e\u00edva\u0165 s\u00e9rum s kolag\u00e9nom. \u017dia\u013e, molekula kolag\u00e9nu je pr\u00edli\u0161 ve\u013ek\u00e1 na to, aby prenikla do hlb\u0161\u00edch vrstiev poko\u017eky. S\u00e9rum m\u00f4\u017ee ple\u0165 hydratova\u0165 a doda\u0165 jej pru\u017enej\u0161\u00ed vzh\u013ead, ale pre skuto\u010dn\u00fd efekt je potrebn\u00e9 kolag\u00e9n dop\u013a\u0148a\u0165 zvn\u00fatra.  <\/p>\n\n<h2 class=\"wp-block-heading\">Kedy za\u010da\u0165 u\u017e\u00edva\u0165 kolag\u00e9n?<\/h2>\n\n<p>Mnoh\u00e9 \u017eeny \u010dakaj\u00fa a\u017e na prv\u00e9 vr\u00e1sky, ale pravdou je, \u017ee s u\u017e\u00edvan\u00edm kolag\u00e9nu je najlep\u0161ie za\u010da\u0165 u\u017e okolo 25\u201330 rokov. Telo ho vtedy s\u00edce st\u00e1le produkuje, ale u\u017e menej ako predt\u00fdm. V\u010dasn\u00e1 prevencia ti pom\u00f4\u017ee oddiali\u0165 vidite\u013en\u00e9 prejavy starnutia.  <\/p>\n\n<h2 class=\"wp-block-heading\">Zhrnutie: \u010do robi\u0165, ke\u010f kolag\u00e9n po 30-ke kles\u00e1?<\/h2>\n\n<ul class=\"wp-block-list\">\n<li>Zara\u010f do jed\u00e1lni\u010dka kvalitn\u00e9 bielkoviny a vitam\u00edn C.<\/li>\n\n\n\n<li>Vyhni sa zvykom, ktor\u00e9 ni\u010dia kolag\u00e9n (faj\u010denie, slnko bez ochrany).<\/li>\n\n\n\n<li>Podpor telo kvalitn\u00fdmi kolag\u00e9nov\u00fdmi doplnkami.<\/li>\n\n\n\n<li>Kombinuj kolag\u00e9n s vitam\u00ednom C pre lep\u0161ie vstreb\u00e1vanie.<\/li>\n\n\n\n<li>Ak chce\u0161 intenz\u00edvnej\u0161\u00ed efekt, zv\u00e1\u017e estetick\u00e9 z\u00e1kroky.<\/li>\n<\/ul>\n\n<p>N\u00edzky obsah kolag\u00e9nu po 30-ke nie je \u017eiadny stra\u0161iak \u2013 pr\u00e1ve naopak, ke\u010f sa o jeho hladinu bude\u0161 stara\u0165 a pravidelne ju dop\u013a\u0148a\u0165, m\u00f4\u017ee\u0161 v\u00fdrazne podpori\u0165 kr\u00e1su a vitalitu svojej pleti.<\/p>\n\n<hr class=\"wp-block-separator has-alpha-channel-opacity\"\/>\n\n<p>\ud83d\udc49 Tip na z\u00e1ver: Na <a href=\"http:\/\/www.divique.com\">www.divique.com<\/a> n\u00e1jde\u0161 kolag\u00e9nov\u00e9 doplnky, ktor\u00e9 boli vyvinut\u00e9 \u0161peci\u00e1lne pre \u017eeny, ktor\u00e9 chc\u00fa podpori\u0165 svoju kr\u00e1su a zdravie prirodzenou cestou.<\/p>\n","protected":false},"excerpt":{"rendered":"<p>Kolag\u00e9n je bielkovina, ktor\u00e1 tvor\u00ed z\u00e1kladn\u00fd stavebn\u00fd kame\u0148 na\u0161ej poko\u017eky, vlasov, nechtov aj k\u013abov. V\u010faka nemu je poko\u017eka pru\u017en\u00e1, pevn\u00e1 a mladistv\u00e1. No okolo 30. roku sa za\u010dne dia\u0165 nie\u010do, \u010do si \u010dasto v\u0161imneme pri poh\u013eade do zrkadla \u2013 produkcia kolag\u00e9nu kles\u00e1. Pre\u010do sa to...<\/p>\n","protected":false},"author":1,"featured_media":3442,"comment_status":"open","ping_status":"open","sticky":false,"template":"","format":"standard","meta":{"_acf_changed":false,"footnotes":""},"categories":[20],"tags":[],"class_list":["post-3479","post","type-post","status-publish","format-standard","has-post-thumbnail","hentry","category-uncategorized-sk"],"acf":[],"yoast_head":"<!-- This site is optimized with the Yoast SEO plugin v27.5 - https:\/\/yoast.com\/product\/yoast-seo-wordpress\/ -->\n<title>Pre\u010do po 30-ke za\u010d\u00edna klesa\u0165 produkcia kolag\u00e9nu a \u010do s t\u00fdm robi\u0165 - Divique.com<\/title>\n<meta name=\"robots\" content=\"index, follow, max-snippet:-1, max-image-preview:large, max-video-preview:-1\" \/>\n<link rel=\"canonical\" href=\"https:\/\/www.divique.com\/sk\/preco-po-30-ke-zacina-klesat-produkcia-kolagenu-a-co-s-tym-robit\" \/>\n<meta property=\"og:locale\" content=\"sk_SK\" \/>\n<meta property=\"og:type\" content=\"article\" \/>\n<meta property=\"og:title\" content=\"Pre\u010do po 30-ke za\u010d\u00edna klesa\u0165 produkcia kolag\u00e9nu a \u010do s t\u00fdm robi\u0165 - Divique.com\" \/>\n<meta property=\"og:description\" content=\"Kolag\u00e9n je bielkovina, ktor\u00e1 tvor\u00ed z\u00e1kladn\u00fd stavebn\u00fd kame\u0148 na\u0161ej poko\u017eky, vlasov, nechtov aj k\u013abov. V\u010faka nemu je poko\u017eka pru\u017en\u00e1, pevn\u00e1 a mladistv\u00e1. No okolo 30. roku sa za\u010dne dia\u0165 nie\u010do, \u010do si \u010dasto v\u0161imneme pri poh\u013eade do zrkadla \u2013 produkcia kolag\u00e9nu kles\u00e1. Pre\u010do sa to...\" \/>\n<meta property=\"og:url\" content=\"https:\/\/www.divique.com\/sk\/preco-po-30-ke-zacina-klesat-produkcia-kolagenu-a-co-s-tym-robit\" \/>\n<meta property=\"og:site_name\" content=\"Divique.com\" \/>\n<meta property=\"article:published_time\" content=\"2025-08-29T16:52:04+00:00\" \/>\n<meta property=\"article:modified_time\" content=\"2025-09-02T07:23:42+00:00\" \/>\n<meta property=\"og:image\" content=\"https:\/\/www.divique.com\/wp-content\/uploads\/aging_skin-scaled.jpeg\" \/>\n\t<meta property=\"og:image:width\" content=\"2560\" \/>\n\t<meta property=\"og:image:height\" content=\"1435\" \/>\n\t<meta property=\"og:image:type\" content=\"image\/jpeg\" \/>\n<meta name=\"author\" content=\"Jan Pulpan\" \/>\n<meta name=\"twitter:card\" content=\"summary_large_image\" \/>\n<meta name=\"twitter:label1\" content=\"Autor\" \/>\n\t<meta name=\"twitter:data1\" content=\"Jan Pulpan\" \/>\n\t<meta name=\"twitter:label2\" content=\"Predpokladan\u00fd \u010das \u010d\u00edtania\" \/>\n\t<meta name=\"twitter:data2\" content=\"4 min\u00faty\" \/>\n<script type=\"application\/ld+json\" class=\"yoast-schema-graph\">{\"@context\":\"https:\\\/\\\/schema.org\",\"@graph\":[{\"@type\":\"Article\",\"@id\":\"https:\\\/\\\/www.divique.com\\\/sk\\\/preco-po-30-ke-zacina-klesat-produkcia-kolagenu-a-co-s-tym-robit#article\",\"isPartOf\":{\"@id\":\"https:\\\/\\\/www.divique.com\\\/sk\\\/preco-po-30-ke-zacina-klesat-produkcia-kolagenu-a-co-s-tym-robit\"},\"author\":{\"name\":\"Jan Pulpan\",\"@id\":\"https:\\\/\\\/www.divique.com\\\/sk#\\\/schema\\\/person\\\/c6d239d6b1475a5526da61513cc0693e\"},\"headline\":\"Pre\u010do po 30-ke za\u010d\u00edna klesa\u0165 produkcia kolag\u00e9nu a \u010do s t\u00fdm robi\u0165\",\"datePublished\":\"2025-08-29T16:52:04+00:00\",\"dateModified\":\"2025-09-02T07:23:42+00:00\",\"mainEntityOfPage\":{\"@id\":\"https:\\\/\\\/www.divique.com\\\/sk\\\/preco-po-30-ke-zacina-klesat-produkcia-kolagenu-a-co-s-tym-robit\"},\"wordCount\":845,\"commentCount\":0,\"publisher\":{\"@id\":\"https:\\\/\\\/www.divique.com\\\/sk#organization\"},\"image\":{\"@id\":\"https:\\\/\\\/www.divique.com\\\/sk\\\/preco-po-30-ke-zacina-klesat-produkcia-kolagenu-a-co-s-tym-robit#primaryimage\"},\"thumbnailUrl\":\"https:\\\/\\\/www.divique.com\\\/wp-content\\\/uploads\\\/aging_skin-scaled.jpeg\",\"articleSection\":[\"Uncategorized @sk\"],\"inLanguage\":\"sk-SK\",\"potentialAction\":[{\"@type\":\"CommentAction\",\"name\":\"Comment\",\"target\":[\"https:\\\/\\\/www.divique.com\\\/sk\\\/preco-po-30-ke-zacina-klesat-produkcia-kolagenu-a-co-s-tym-robit#respond\"]}]},{\"@type\":\"WebPage\",\"@id\":\"https:\\\/\\\/www.divique.com\\\/sk\\\/preco-po-30-ke-zacina-klesat-produkcia-kolagenu-a-co-s-tym-robit\",\"url\":\"https:\\\/\\\/www.divique.com\\\/sk\\\/preco-po-30-ke-zacina-klesat-produkcia-kolagenu-a-co-s-tym-robit\",\"name\":\"Pre\u010do po 30-ke za\u010d\u00edna klesa\u0165 produkcia kolag\u00e9nu a \u010do s t\u00fdm robi\u0165 - Divique.com\",\"isPartOf\":{\"@id\":\"https:\\\/\\\/www.divique.com\\\/sk#website\"},\"primaryImageOfPage\":{\"@id\":\"https:\\\/\\\/www.divique.com\\\/sk\\\/preco-po-30-ke-zacina-klesat-produkcia-kolagenu-a-co-s-tym-robit#primaryimage\"},\"image\":{\"@id\":\"https:\\\/\\\/www.divique.com\\\/sk\\\/preco-po-30-ke-zacina-klesat-produkcia-kolagenu-a-co-s-tym-robit#primaryimage\"},\"thumbnailUrl\":\"https:\\\/\\\/www.divique.com\\\/wp-content\\\/uploads\\\/aging_skin-scaled.jpeg\",\"datePublished\":\"2025-08-29T16:52:04+00:00\",\"dateModified\":\"2025-09-02T07:23:42+00:00\",\"breadcrumb\":{\"@id\":\"https:\\\/\\\/www.divique.com\\\/sk\\\/preco-po-30-ke-zacina-klesat-produkcia-kolagenu-a-co-s-tym-robit#breadcrumb\"},\"inLanguage\":\"sk-SK\",\"potentialAction\":[{\"@type\":\"ReadAction\",\"target\":[\"https:\\\/\\\/www.divique.com\\\/sk\\\/preco-po-30-ke-zacina-klesat-produkcia-kolagenu-a-co-s-tym-robit\"]}]},{\"@type\":\"ImageObject\",\"inLanguage\":\"sk-SK\",\"@id\":\"https:\\\/\\\/www.divique.com\\\/sk\\\/preco-po-30-ke-zacina-klesat-produkcia-kolagenu-a-co-s-tym-robit#primaryimage\",\"url\":\"https:\\\/\\\/www.divique.com\\\/wp-content\\\/uploads\\\/aging_skin-scaled.jpeg\",\"contentUrl\":\"https:\\\/\\\/www.divique.com\\\/wp-content\\\/uploads\\\/aging_skin-scaled.jpeg\",\"width\":2560,\"height\":1435,\"caption\":\"Crepey Skin concept. Close-up of elderly skin showing texture and wrinkles on the cheek.\"},{\"@type\":\"BreadcrumbList\",\"@id\":\"https:\\\/\\\/www.divique.com\\\/sk\\\/preco-po-30-ke-zacina-klesat-produkcia-kolagenu-a-co-s-tym-robit#breadcrumb\",\"itemListElement\":[{\"@type\":\"ListItem\",\"position\":1,\"name\":\"Home\",\"item\":\"https:\\\/\\\/www.divique.com\\\/sk\"},{\"@type\":\"ListItem\",\"position\":2,\"name\":\"Pre\u010do po 30-ke za\u010d\u00edna klesa\u0165 produkcia kolag\u00e9nu a \u010do s t\u00fdm robi\u0165\"}]},{\"@type\":\"WebSite\",\"@id\":\"https:\\\/\\\/www.divique.com\\\/sk#website\",\"url\":\"https:\\\/\\\/www.divique.com\\\/sk\",\"name\":\"Divique.com\",\"description\":\"Be Divique. Kolagenov\u00e1 \u0159ada pro sebev\u011bdom\u00e9 \u017eeny. Kolagen a kyselina hyaluronov\u00e1 ve form\u011b, kter\u00e1 V\u00e1m bude vyhovovat.\",\"publisher\":{\"@id\":\"https:\\\/\\\/www.divique.com\\\/sk#organization\"},\"potentialAction\":[{\"@type\":\"SearchAction\",\"target\":{\"@type\":\"EntryPoint\",\"urlTemplate\":\"https:\\\/\\\/www.divique.com\\\/sk?s={search_term_string}\"},\"query-input\":{\"@type\":\"PropertyValueSpecification\",\"valueRequired\":true,\"valueName\":\"search_term_string\"}}],\"inLanguage\":\"sk-SK\"},{\"@type\":\"Organization\",\"@id\":\"https:\\\/\\\/www.divique.com\\\/sk#organization\",\"name\":\"DIVIQUE s.r.o.\",\"url\":\"https:\\\/\\\/www.divique.com\\\/sk\",\"logo\":{\"@type\":\"ImageObject\",\"inLanguage\":\"sk-SK\",\"@id\":\"https:\\\/\\\/www.divique.com\\\/sk#\\\/schema\\\/logo\\\/image\\\/\",\"url\":\"https:\\\/\\\/www.divique.com\\\/wp-content\\\/uploads\\\/2022\\\/04\\\/divique-logo.png\",\"contentUrl\":\"https:\\\/\\\/www.divique.com\\\/wp-content\\\/uploads\\\/2022\\\/04\\\/divique-logo.png\",\"width\":196,\"height\":64,\"caption\":\"DIVIQUE s.r.o.\"},\"image\":{\"@id\":\"https:\\\/\\\/www.divique.com\\\/sk#\\\/schema\\\/logo\\\/image\\\/\"}},{\"@type\":\"Person\",\"@id\":\"https:\\\/\\\/www.divique.com\\\/sk#\\\/schema\\\/person\\\/c6d239d6b1475a5526da61513cc0693e\",\"name\":\"Jan Pulpan\",\"image\":{\"@type\":\"ImageObject\",\"inLanguage\":\"sk-SK\",\"@id\":\"https:\\\/\\\/www.divique.com\\\/wp-content\\\/litespeed\\\/avatar\\\/872feb88fb911cfc0932c4a8d64a7037.jpg?ver=1777659959\",\"url\":\"https:\\\/\\\/www.divique.com\\\/wp-content\\\/litespeed\\\/avatar\\\/872feb88fb911cfc0932c4a8d64a7037.jpg?ver=1777659959\",\"contentUrl\":\"https:\\\/\\\/www.divique.com\\\/wp-content\\\/litespeed\\\/avatar\\\/872feb88fb911cfc0932c4a8d64a7037.jpg?ver=1777659959\",\"caption\":\"Jan Pulpan\"},\"sameAs\":[\"https:\\\/\\\/www.divique.com\"]}]}<\/script>\n<!-- \/ Yoast SEO plugin. -->","yoast_head_json":{"title":"Pre\u010do po 30-ke za\u010d\u00edna klesa\u0165 produkcia kolag\u00e9nu a \u010do s t\u00fdm robi\u0165 - Divique.com","robots":{"index":"index","follow":"follow","max-snippet":"max-snippet:-1","max-image-preview":"max-image-preview:large","max-video-preview":"max-video-preview:-1"},"canonical":"https:\/\/www.divique.com\/sk\/preco-po-30-ke-zacina-klesat-produkcia-kolagenu-a-co-s-tym-robit","og_locale":"sk_SK","og_type":"article","og_title":"Pre\u010do po 30-ke za\u010d\u00edna klesa\u0165 produkcia kolag\u00e9nu a \u010do s t\u00fdm robi\u0165 - Divique.com","og_description":"Kolag\u00e9n je bielkovina, ktor\u00e1 tvor\u00ed z\u00e1kladn\u00fd stavebn\u00fd kame\u0148 na\u0161ej poko\u017eky, vlasov, nechtov aj k\u013abov. V\u010faka nemu je poko\u017eka pru\u017en\u00e1, pevn\u00e1 a mladistv\u00e1. No okolo 30. roku sa za\u010dne dia\u0165 nie\u010do, \u010do si \u010dasto v\u0161imneme pri poh\u013eade do zrkadla \u2013 produkcia kolag\u00e9nu kles\u00e1. Pre\u010do sa to...","og_url":"https:\/\/www.divique.com\/sk\/preco-po-30-ke-zacina-klesat-produkcia-kolagenu-a-co-s-tym-robit","og_site_name":"Divique.com","article_published_time":"2025-08-29T16:52:04+00:00","article_modified_time":"2025-09-02T07:23:42+00:00","og_image":[{"width":2560,"height":1435,"url":"https:\/\/www.divique.com\/wp-content\/uploads\/aging_skin-scaled.jpeg","type":"image\/jpeg"}],"author":"Jan Pulpan","twitter_card":"summary_large_image","twitter_misc":{"Autor":"Jan Pulpan","Predpokladan\u00fd \u010das \u010d\u00edtania":"4 min\u00faty"},"schema":{"@context":"https:\/\/schema.org","@graph":[{"@type":"Article","@id":"https:\/\/www.divique.com\/sk\/preco-po-30-ke-zacina-klesat-produkcia-kolagenu-a-co-s-tym-robit#article","isPartOf":{"@id":"https:\/\/www.divique.com\/sk\/preco-po-30-ke-zacina-klesat-produkcia-kolagenu-a-co-s-tym-robit"},"author":{"name":"Jan Pulpan","@id":"https:\/\/www.divique.com\/sk#\/schema\/person\/c6d239d6b1475a5526da61513cc0693e"},"headline":"Pre\u010do po 30-ke za\u010d\u00edna klesa\u0165 produkcia kolag\u00e9nu a \u010do s t\u00fdm robi\u0165","datePublished":"2025-08-29T16:52:04+00:00","dateModified":"2025-09-02T07:23:42+00:00","mainEntityOfPage":{"@id":"https:\/\/www.divique.com\/sk\/preco-po-30-ke-zacina-klesat-produkcia-kolagenu-a-co-s-tym-robit"},"wordCount":845,"commentCount":0,"publisher":{"@id":"https:\/\/www.divique.com\/sk#organization"},"image":{"@id":"https:\/\/www.divique.com\/sk\/preco-po-30-ke-zacina-klesat-produkcia-kolagenu-a-co-s-tym-robit#primaryimage"},"thumbnailUrl":"https:\/\/www.divique.com\/wp-content\/uploads\/aging_skin-scaled.jpeg","articleSection":["Uncategorized @sk"],"inLanguage":"sk-SK","potentialAction":[{"@type":"CommentAction","name":"Comment","target":["https:\/\/www.divique.com\/sk\/preco-po-30-ke-zacina-klesat-produkcia-kolagenu-a-co-s-tym-robit#respond"]}]},{"@type":"WebPage","@id":"https:\/\/www.divique.com\/sk\/preco-po-30-ke-zacina-klesat-produkcia-kolagenu-a-co-s-tym-robit","url":"https:\/\/www.divique.com\/sk\/preco-po-30-ke-zacina-klesat-produkcia-kolagenu-a-co-s-tym-robit","name":"Pre\u010do po 30-ke za\u010d\u00edna klesa\u0165 produkcia kolag\u00e9nu a \u010do s t\u00fdm robi\u0165 - Divique.com","isPartOf":{"@id":"https:\/\/www.divique.com\/sk#website"},"primaryImageOfPage":{"@id":"https:\/\/www.divique.com\/sk\/preco-po-30-ke-zacina-klesat-produkcia-kolagenu-a-co-s-tym-robit#primaryimage"},"image":{"@id":"https:\/\/www.divique.com\/sk\/preco-po-30-ke-zacina-klesat-produkcia-kolagenu-a-co-s-tym-robit#primaryimage"},"thumbnailUrl":"https:\/\/www.divique.com\/wp-content\/uploads\/aging_skin-scaled.jpeg","datePublished":"2025-08-29T16:52:04+00:00","dateModified":"2025-09-02T07:23:42+00:00","breadcrumb":{"@id":"https:\/\/www.divique.com\/sk\/preco-po-30-ke-zacina-klesat-produkcia-kolagenu-a-co-s-tym-robit#breadcrumb"},"inLanguage":"sk-SK","potentialAction":[{"@type":"ReadAction","target":["https:\/\/www.divique.com\/sk\/preco-po-30-ke-zacina-klesat-produkcia-kolagenu-a-co-s-tym-robit"]}]},{"@type":"ImageObject","inLanguage":"sk-SK","@id":"https:\/\/www.divique.com\/sk\/preco-po-30-ke-zacina-klesat-produkcia-kolagenu-a-co-s-tym-robit#primaryimage","url":"https:\/\/www.divique.com\/wp-content\/uploads\/aging_skin-scaled.jpeg","contentUrl":"https:\/\/www.divique.com\/wp-content\/uploads\/aging_skin-scaled.jpeg","width":2560,"height":1435,"caption":"Crepey Skin concept. Close-up of elderly skin showing texture and wrinkles on the cheek."},{"@type":"BreadcrumbList","@id":"https:\/\/www.divique.com\/sk\/preco-po-30-ke-zacina-klesat-produkcia-kolagenu-a-co-s-tym-robit#breadcrumb","itemListElement":[{"@type":"ListItem","position":1,"name":"Home","item":"https:\/\/www.divique.com\/sk"},{"@type":"ListItem","position":2,"name":"Pre\u010do po 30-ke za\u010d\u00edna klesa\u0165 produkcia kolag\u00e9nu a \u010do s t\u00fdm robi\u0165"}]},{"@type":"WebSite","@id":"https:\/\/www.divique.com\/sk#website","url":"https:\/\/www.divique.com\/sk","name":"Divique.com","description":"Be Divique. Kolagenov\u00e1 \u0159ada pro sebev\u011bdom\u00e9 \u017eeny. Kolagen a kyselina hyaluronov\u00e1 ve form\u011b, kter\u00e1 V\u00e1m bude vyhovovat.","publisher":{"@id":"https:\/\/www.divique.com\/sk#organization"},"potentialAction":[{"@type":"SearchAction","target":{"@type":"EntryPoint","urlTemplate":"https:\/\/www.divique.com\/sk?s={search_term_string}"},"query-input":{"@type":"PropertyValueSpecification","valueRequired":true,"valueName":"search_term_string"}}],"inLanguage":"sk-SK"},{"@type":"Organization","@id":"https:\/\/www.divique.com\/sk#organization","name":"DIVIQUE s.r.o.","url":"https:\/\/www.divique.com\/sk","logo":{"@type":"ImageObject","inLanguage":"sk-SK","@id":"https:\/\/www.divique.com\/sk#\/schema\/logo\/image\/","url":"https:\/\/www.divique.com\/wp-content\/uploads\/2022\/04\/divique-logo.png","contentUrl":"https:\/\/www.divique.com\/wp-content\/uploads\/2022\/04\/divique-logo.png","width":196,"height":64,"caption":"DIVIQUE s.r.o."},"image":{"@id":"https:\/\/www.divique.com\/sk#\/schema\/logo\/image\/"}},{"@type":"Person","@id":"https:\/\/www.divique.com\/sk#\/schema\/person\/c6d239d6b1475a5526da61513cc0693e","name":"Jan Pulpan","image":{"@type":"ImageObject","inLanguage":"sk-SK","@id":"https:\/\/www.divique.com\/wp-content\/litespeed\/avatar\/872feb88fb911cfc0932c4a8d64a7037.jpg?ver=1777659959","url":"https:\/\/www.divique.com\/wp-content\/litespeed\/avatar\/872feb88fb911cfc0932c4a8d64a7037.jpg?ver=1777659959","contentUrl":"https:\/\/www.divique.com\/wp-content\/litespeed\/avatar\/872feb88fb911cfc0932c4a8d64a7037.jpg?ver=1777659959","caption":"Jan Pulpan"},"sameAs":["https:\/\/www.divique.com"]}]}},"_links":{"self":[{"href":"https:\/\/www.divique.com\/sk\/wp-json\/wp\/v2\/posts\/3479","targetHints":{"allow":["GET"]}}],"collection":[{"href":"https:\/\/www.divique.com\/sk\/wp-json\/wp\/v2\/posts"}],"about":[{"href":"https:\/\/www.divique.com\/sk\/wp-json\/wp\/v2\/types\/post"}],"author":[{"embeddable":true,"href":"https:\/\/www.divique.com\/sk\/wp-json\/wp\/v2\/users\/1"}],"replies":[{"embeddable":true,"href":"https:\/\/www.divique.com\/sk\/wp-json\/wp\/v2\/comments?post=3479"}],"version-history":[{"count":1,"href":"https:\/\/www.divique.com\/sk\/wp-json\/wp\/v2\/posts\/3479\/revisions"}],"predecessor-version":[{"id":3480,"href":"https:\/\/www.divique.com\/sk\/wp-json\/wp\/v2\/posts\/3479\/revisions\/3480"}],"wp:featuredmedia":[{"embeddable":true,"href":"https:\/\/www.divique.com\/sk\/wp-json\/wp\/v2\/media\/3442"}],"wp:attachment":[{"href":"https:\/\/www.divique.com\/sk\/wp-json\/wp\/v2\/media?parent=3479"}],"wp:term":[{"taxonomy":"category","embeddable":true,"href":"https:\/\/www.divique.com\/sk\/wp-json\/wp\/v2\/categories?post=3479"},{"taxonomy":"post_tag","embeddable":true,"href":"https:\/\/www.divique.com\/sk\/wp-json\/wp\/v2\/tags?post=3479"}],"curies":[{"name":"wp","href":"https:\/\/api.w.org\/{rel}","templated":true}]}}