{"id":3485,"date":"2025-08-29T16:52:04","date_gmt":"2025-08-29T16:52:04","guid":{"rendered":"https:\/\/www.divique.com\/pourquoi-la-production-de-collagene-commence-t-elle-a-diminuer-apres-30-ans-et-que-faire-a-ce-sujet"},"modified":"2025-09-02T07:30:30","modified_gmt":"2025-09-02T07:30:30","slug":"pourquoi-la-production-de-collagene-commence-t-elle-a-diminuer-apres-30-ans-et-que-faire-a-ce-sujet","status":"publish","type":"post","link":"https:\/\/www.divique.com\/fr\/pourquoi-la-production-de-collagene-commence-t-elle-a-diminuer-apres-30-ans-et-que-faire-a-ce-sujet","title":{"rendered":"Pourquoi la production de collag\u00e8ne commence-t-elle \u00e0 diminuer apr\u00e8s 30 ans et que faire \u00e0 ce sujet"},"content":{"rendered":"\n<p>Le collag\u00e8ne est une prot\u00e9ine qui constitue le principal \u00e9l\u00e9ment de construction de notre peau, de nos cheveux, de nos ongles et de nos articulations. Gr\u00e2ce \u00e0 lui, la peau reste \u00e9lastique, ferme et jeune. Mais aux alentours de 30 ans, quelque chose commence \u00e0 se produire \u2013 <strong>la production de collag\u00e8ne diminue<\/strong>, ce que l\u2019on remarque souvent en se regardant dans le miroir. Pourquoi cela arrive-t-il et que pouvez-vous faire?    <\/p>\n\n<figure class=\"wp-block-image size-large\"><img loading=\"lazy\" decoding=\"async\" width=\"1024\" height=\"683\" src=\"https:\/\/www.divique.com\/wp-content\/uploads\/2023\/04\/woman-mirror-1024x683.jpeg\" alt=\"\" class=\"wp-image-1194\" srcset=\"https:\/\/www.divique.com\/wp-content\/uploads\/2023\/04\/woman-mirror-1024x683.jpeg 1024w, https:\/\/www.divique.com\/wp-content\/uploads\/2023\/04\/woman-mirror-480x320.jpeg 480w, https:\/\/www.divique.com\/wp-content\/uploads\/2023\/04\/woman-mirror-640x427.jpeg 640w, https:\/\/www.divique.com\/wp-content\/uploads\/2023\/04\/woman-mirror-720x480.jpeg 720w, https:\/\/www.divique.com\/wp-content\/uploads\/2023\/04\/woman-mirror-960x641.jpeg 960w, https:\/\/www.divique.com\/wp-content\/uploads\/2023\/04\/woman-mirror-1168x779.jpeg 1168w, https:\/\/www.divique.com\/wp-content\/uploads\/2023\/04\/woman-mirror-1440x961.jpeg 1440w, https:\/\/www.divique.com\/wp-content\/uploads\/2023\/04\/woman-mirror-1920x1281.jpeg 1920w, https:\/\/www.divique.com\/wp-content\/uploads\/2023\/04\/woman-mirror-300x200.jpeg 300w, https:\/\/www.divique.com\/wp-content\/uploads\/2023\/04\/woman-mirror-768x512.jpeg 768w, https:\/\/www.divique.com\/wp-content\/uploads\/2023\/04\/woman-mirror-1536x1025.jpeg 1536w, https:\/\/www.divique.com\/wp-content\/uploads\/2023\/04\/woman-mirror-2048x1366.jpeg 2048w, https:\/\/www.divique.com\/wp-content\/uploads\/2023\/04\/woman-mirror-600x400.jpeg 600w, https:\/\/www.divique.com\/wp-content\/uploads\/2023\/04\/woman-mirror.jpeg 2500w\" sizes=\"auto, (max-width: 1024px) 100vw, 1024px\" \/><\/figure>\n\n<h2 class=\"wp-block-heading\">Pourquoi le collag\u00e8ne diminue-t-il apr\u00e8s 30 ans ?<\/h2>\n\n<p>Aux alentours de la trentaine, notre corps commence naturellement \u00e0 changer. Alors que dans la jeunesse nous produisons du collag\u00e8ne sans difficult\u00e9, apr\u00e8s 25 ans sa production diminue progressivement \u2013 et apr\u00e8s 30 ans, la perte devient plus visible.  <\/p>\n\n<p>Raisons principales :<\/p>\n\n<ul class=\"wp-block-list\">\n<li><strong>Vieillissement naturel :<\/strong> les cellules responsables de la production de collag\u00e8ne fonctionnent plus lentement.<\/li>\n\n\n\n<li><strong>Mode de vie :<\/strong> le tabagisme, l\u2019exposition fr\u00e9quente au soleil, le stress ou le manque de sommeil acc\u00e9l\u00e8rent le processus.<\/li>\n\n\n\n<li><strong>Manque de nutriments :<\/strong> les acides amin\u00e9s et la vitamine C sont essentiels \u00e0 la production de collag\u00e8ne.<\/li>\n\n\n\n<li><strong>Stress oxydatif :<\/strong> les radicaux libres endommagent les fibres de collag\u00e8ne.<\/li>\n<\/ul>\n\n<p>En cons\u00e9quence, la peau perd progressivement son \u00e9lasticit\u00e9, les premi\u00e8res rides apparaissent et le teint para\u00eet fatigu\u00e9.<\/p>\n\n<h2 class=\"wp-block-heading\">Signes de carence en collag\u00e8ne<\/h2>\n\n<p>Veux-tu savoir si ton corps manque de collag\u00e8ne ? Les signes typiques incluent : <\/p>\n\n<ul class=\"wp-block-list\">\n<li>rides fines et peau rel\u00e2ch\u00e9e,<\/li>\n\n\n\n<li>s\u00e9cheresse de la peau,<\/li>\n\n\n\n<li>cheveux plus fragiles et cassants,<\/li>\n\n\n\n<li>ongles cassants,<\/li>\n\n\n\n<li>douleurs articulaires ou r\u00e9cup\u00e9ration plus lente apr\u00e8s le sport.<\/li>\n<\/ul>\n\n<figure class=\"wp-block-image size-large\"><img loading=\"lazy\" decoding=\"async\" width=\"1024\" height=\"683\" src=\"https:\/\/www.divique.com\/wp-content\/uploads\/woman_looking_into_mirror-1024x683.jpeg\" alt=\"\" class=\"wp-image-3468\" srcset=\"https:\/\/www.divique.com\/wp-content\/uploads\/woman_looking_into_mirror-1024x683.jpeg 1024w, https:\/\/www.divique.com\/wp-content\/uploads\/woman_looking_into_mirror-300x200.jpeg 300w, https:\/\/www.divique.com\/wp-content\/uploads\/woman_looking_into_mirror-768x512.jpeg 768w, https:\/\/www.divique.com\/wp-content\/uploads\/woman_looking_into_mirror-1536x1024.jpeg 1536w, https:\/\/www.divique.com\/wp-content\/uploads\/woman_looking_into_mirror-2048x1365.jpeg 2048w, https:\/\/www.divique.com\/wp-content\/uploads\/woman_looking_into_mirror-480x320.jpeg 480w, https:\/\/www.divique.com\/wp-content\/uploads\/woman_looking_into_mirror-640x427.jpeg 640w, https:\/\/www.divique.com\/wp-content\/uploads\/woman_looking_into_mirror-720x480.jpeg 720w, https:\/\/www.divique.com\/wp-content\/uploads\/woman_looking_into_mirror-960x640.jpeg 960w, https:\/\/www.divique.com\/wp-content\/uploads\/woman_looking_into_mirror-1168x779.jpeg 1168w, https:\/\/www.divique.com\/wp-content\/uploads\/woman_looking_into_mirror-1440x960.jpeg 1440w, https:\/\/www.divique.com\/wp-content\/uploads\/woman_looking_into_mirror-1920x1280.jpeg 1920w, https:\/\/www.divique.com\/wp-content\/uploads\/woman_looking_into_mirror-600x400.jpeg 600w, https:\/\/www.divique.com\/wp-content\/uploads\/woman_looking_into_mirror-scaled.jpeg 2560w\" sizes=\"auto, (max-width: 1024px) 100vw, 1024px\" \/><\/figure>\n\n<h2 class=\"wp-block-heading\">Comment favoriser la production de collag\u00e8ne<\/h2>\n\n<p>La bonne nouvelle, c\u2019est que tu n\u2019as pas \u00e0 observer passivement la perte de collag\u00e8ne. Il existe plusieurs fa\u00e7ons de stimuler sa production et ainsi d\u2019am\u00e9liorer l\u2019apparence de ta peau. <\/p>\n\n<h3 class=\"wp-block-heading\">1. Une alimentation riche en prot\u00e9ines et en vitamine C<\/h3>\n\n<p>Le collag\u00e8ne est form\u00e9 \u00e0 partir d\u2019acides amin\u00e9s (glycine, proline, hydroxyproline), que l\u2019on obtient principalement \u00e0 partir des prot\u00e9ines. La vitamine C joue un r\u00f4le essentiel, car sans elle, le corps ne peut pas du tout synth\u00e9tiser le collag\u00e8ne. <\/p>\n\n<ul class=\"wp-block-list\">\n<li>\u00c0 inclure dans ton alimentation : viande maigre, poisson, \u0153ufs, agrumes, poivrons, brocoli.<\/li>\n<\/ul>\n\n<h3 class=\"wp-block-heading\">2. Compl\u00e9ments de collag\u00e8ne apr\u00e8s 30 ans<\/h3>\n\n<p>Si tu veux \u00eatre certain que ton corps re\u00e7oive suffisamment de mat\u00e9riaux de construction, opte pour des <a href=\"https:\/\/www.divique.com\/fr\/shop\">compl\u00e9ments de collag\u00e8ne<\/a>. Le meilleur collag\u00e8ne apr\u00e8s 30 ans est le <a href=\"https:\/\/www.divique.com\/fr\/shop\">collag\u00e8ne hydrolys\u00e9<\/a>, qui est bien absorb\u00e9. <\/p>\n\n<ul class=\"wp-block-list\">\n<li>Les formes de collag\u00e8ne les plus appr\u00e9ci\u00e9es sont : <a href=\"https:\/\/www.divique.com\/fr\/shop\">poudre de collag\u00e8ne<\/a>, <a href=\"https:\/\/www.divique.com\/fr\/shop\">collag\u00e8ne liquide en ampoules<\/a>, <a href=\"https:\/\/www.divique.com\/fr\/shop\">capsules de collag\u00e8ne<\/a>.<\/li>\n<\/ul>\n\n<h3 class=\"wp-block-heading\">3. Vitamine C et collag\u00e8ne<\/h3>\n\n<p>Si tu prends du collag\u00e8ne, n\u2019oublie pas de le combiner avec de la <a href=\"https:\/\/www.divique.com\/fr\/shop\">vitamine C<\/a>. Sans elle, le corps ne peut pas tirer pleinement parti du collag\u00e8ne des compl\u00e9ments. Par exemple, le fruit tropical Camu Camu, originaire de l\u2019Amazonie, est une excellente source v\u00e9g\u00e9tale de vitamine C.  <\/p>\n\n<h3 class=\"wp-block-heading\">4. Proc\u00e9dures esth\u00e9tiques<\/h3>\n\n<p>Si tu veux un effet plus intense, tu peux aussi opter pour des proc\u00e9dures qui stimulent la production de collag\u00e8ne directement dans la peau :<\/p>\n\n<ul class=\"wp-block-list\">\n<li>microneedling,<\/li>\n\n\n\n<li>traitement au laser,<\/li>\n\n\n\n<li>radiofr\u00e9quence.<\/li>\n<\/ul>\n\n<h3 class=\"wp-block-heading\">5. Mode de vie<\/h3>\n\n<p>Ne sous-estime pas l\u2019influence du mode de vie sur le taux de collag\u00e8ne dans ton corps. Essaie de r\u00e9duire le tabagisme, prot\u00e8ge ta peau des rayons UV, dors suffisamment et accorde-toi une activit\u00e9 physique r\u00e9guli\u00e8re. <\/p>\n\n<figure class=\"wp-block-image size-large\"><img loading=\"lazy\" decoding=\"async\" width=\"1024\" height=\"683\" src=\"https:\/\/www.divique.com\/wp-content\/uploads\/beauty-generation-1024x683.jpg\" alt=\"\" class=\"wp-image-1429\" srcset=\"https:\/\/www.divique.com\/wp-content\/uploads\/beauty-generation-1024x683.jpg 1024w, https:\/\/www.divique.com\/wp-content\/uploads\/beauty-generation-300x200.jpg 300w, https:\/\/www.divique.com\/wp-content\/uploads\/beauty-generation-768x512.jpg 768w, https:\/\/www.divique.com\/wp-content\/uploads\/beauty-generation-1536x1025.jpg 1536w, https:\/\/www.divique.com\/wp-content\/uploads\/beauty-generation-2048x1366.jpg 2048w, https:\/\/www.divique.com\/wp-content\/uploads\/beauty-generation-480x320.jpg 480w, https:\/\/www.divique.com\/wp-content\/uploads\/beauty-generation-640x427.jpg 640w, https:\/\/www.divique.com\/wp-content\/uploads\/beauty-generation-720x480.jpg 720w, https:\/\/www.divique.com\/wp-content\/uploads\/beauty-generation-960x641.jpg 960w, https:\/\/www.divique.com\/wp-content\/uploads\/beauty-generation-1168x779.jpg 1168w, https:\/\/www.divique.com\/wp-content\/uploads\/beauty-generation-1440x961.jpg 1440w, https:\/\/www.divique.com\/wp-content\/uploads\/beauty-generation-1920x1281.jpg 1920w, https:\/\/www.divique.com\/wp-content\/uploads\/beauty-generation-600x400.jpg 600w, https:\/\/www.divique.com\/wp-content\/uploads\/beauty-generation.jpg 2500w\" sizes=\"auto, (max-width: 1024px) 100vw, 1024px\" \/><\/figure>\n\n<h2 class=\"wp-block-heading\">Collag\u00e8ne et vieillissement de la peau<\/h2>\n\n<p>Le collag\u00e8ne est \u00e9troitement li\u00e9 au vieillissement de la peau. Lorsqu\u2019il est pr\u00e9sent en quantit\u00e9 suffisante, la peau est ferme et \u00e9clatante. Lorsqu\u2019il manque, les rides apparaissent, le volume diminue et la peau para\u00eet fl\u00e9trie. C\u2019est pourquoi il est important de commencer \u00e0 compl\u00e9ter le collag\u00e8ne \u00e0 temps, avant que ces signes n\u2019apparaissent. Et pas seulement gr\u00e2ce aux cosm\u00e9tiques, mais surtout de l\u2019int\u00e9rieur.    <\/p>\n\n<h2 class=\"wp-block-heading\">S\u00e9rum au collag\u00e8ne vs compl\u00e9ments<\/h2>\n\n<p>Tu t\u2019es peut-\u00eatre demand\u00e9 s\u2019il suffisait d\u2019utiliser un s\u00e9rum au collag\u00e8ne. Malheureusement, la mol\u00e9cule de collag\u00e8ne est trop grosse pour p\u00e9n\u00e9trer dans les couches profondes de la peau. Un s\u00e9rum peut hydrater la peau et lui donner un aspect plus souple, mais pour un v\u00e9ritable effet, il faut compl\u00e9ter le collag\u00e8ne de l\u2019int\u00e9rieur.  <\/p>\n\n<h2 class=\"wp-block-heading\">Quand commencer \u00e0 prendre du collag\u00e8ne ?<\/h2>\n\n<p>Beaucoup de femmes attendent l\u2019apparition des premi\u00e8res rides, mais la v\u00e9rit\u00e9 est qu\u2019il vaut mieux commencer \u00e0 prendre du collag\u00e8ne d\u00e8s 25\u201330 ans. \u00c0 ce moment-l\u00e0, le corps en produit encore, mais moins qu\u2019auparavant. Une pr\u00e9vention pr\u00e9coce t\u2019aidera \u00e0 retarder les signes visibles du vieillissement.  <\/p>\n\n<h2 class=\"wp-block-heading\">R\u00e9sum\u00e9 : que faire lorsque le collag\u00e8ne diminue apr\u00e8s 30 ans ?<\/h2>\n\n<ul class=\"wp-block-list\">\n<li>Int\u00e8gre des prot\u00e9ines de qualit\u00e9 et de la vitamine C dans ton alimentation.<\/li>\n\n\n\n<li>\u00c9vite les habitudes qui d\u00e9truisent le collag\u00e8ne (tabagisme, exposition au soleil sans protection).<\/li>\n\n\n\n<li>Soutiens ton corps avec des compl\u00e9ments de collag\u00e8ne de qualit\u00e9.<\/li>\n\n\n\n<li>Combine le collag\u00e8ne avec la vitamine C pour une meilleure absorption.<\/li>\n\n\n\n<li>Si tu veux un effet plus intense, envisage des proc\u00e9dures esth\u00e9tiques.<\/li>\n<\/ul>\n\n<p>Un faible taux de collag\u00e8ne apr\u00e8s 30 ans n\u2019est pas une fatalit\u00e9 \u2013 au contraire, si tu en prends soin et le compl\u00e8tes r\u00e9guli\u00e8rement, tu peux soutenir de mani\u00e8re significative la beaut\u00e9 et la vitalit\u00e9 de ta peau.<\/p>\n\n<hr class=\"wp-block-separator has-alpha-channel-opacity\"\/>\n\n<p>\ud83d\udc49 Conseil final : Sur <a href=\"http:\/\/www.divique.com\">www.divique.com<\/a>, tu trouveras des compl\u00e9ments de collag\u00e8ne sp\u00e9cialement d\u00e9velopp\u00e9s pour les femmes qui souhaitent soutenir leur beaut\u00e9 et leur sant\u00e9 de fa\u00e7on naturelle.<\/p>\n","protected":false},"excerpt":{"rendered":"<p>Le collag\u00e8ne est une prot\u00e9ine qui constitue le principal \u00e9l\u00e9ment de construction de notre peau, de nos cheveux, de nos ongles et de nos articulations. Gr\u00e2ce \u00e0 lui, la peau reste \u00e9lastique, ferme et jeune. Mais aux alentours de 30 ans, quelque chose commence \u00e0...<\/p>\n","protected":false},"author":1,"featured_media":3439,"comment_status":"open","ping_status":"open","sticky":false,"template":"","format":"standard","meta":{"_acf_changed":false,"footnotes":""},"categories":[80],"tags":[],"class_list":["post-3485","post","type-post","status-publish","format-standard","has-post-thumbnail","hentry","category-non-categorise"],"acf":[],"yoast_head":"<!-- This site is optimized with the Yoast SEO plugin v27.5 - https:\/\/yoast.com\/product\/yoast-seo-wordpress\/ -->\n<title>Pourquoi la production de collag\u00e8ne commence-t-elle \u00e0 diminuer apr\u00e8s 30 ans et que faire \u00e0 ce sujet - Divique.com<\/title>\n<meta name=\"robots\" content=\"index, follow, max-snippet:-1, max-image-preview:large, max-video-preview:-1\" \/>\n<link rel=\"canonical\" href=\"https:\/\/www.divique.com\/fr\/pourquoi-la-production-de-collagene-commence-t-elle-a-diminuer-apres-30-ans-et-que-faire-a-ce-sujet\" \/>\n<meta property=\"og:locale\" content=\"fr_FR\" \/>\n<meta property=\"og:type\" content=\"article\" \/>\n<meta property=\"og:title\" content=\"Pourquoi la production de collag\u00e8ne commence-t-elle \u00e0 diminuer apr\u00e8s 30 ans et que faire \u00e0 ce sujet - Divique.com\" \/>\n<meta property=\"og:description\" content=\"Le collag\u00e8ne est une prot\u00e9ine qui constitue le principal \u00e9l\u00e9ment de construction de notre peau, de nos cheveux, de nos ongles et de nos articulations. Gr\u00e2ce \u00e0 lui, la peau reste \u00e9lastique, ferme et jeune. Mais aux alentours de 30 ans, quelque chose commence \u00e0...\" \/>\n<meta property=\"og:url\" content=\"https:\/\/www.divique.com\/fr\/pourquoi-la-production-de-collagene-commence-t-elle-a-diminuer-apres-30-ans-et-que-faire-a-ce-sujet\" \/>\n<meta property=\"og:site_name\" content=\"Divique.com\" \/>\n<meta property=\"article:published_time\" content=\"2025-08-29T16:52:04+00:00\" \/>\n<meta property=\"article:modified_time\" content=\"2025-09-02T07:30:30+00:00\" \/>\n<meta property=\"og:image\" content=\"https:\/\/www.divique.com\/wp-content\/uploads\/aging_skin-scaled.jpeg\" \/>\n\t<meta property=\"og:image:width\" content=\"2560\" \/>\n\t<meta property=\"og:image:height\" content=\"1435\" \/>\n\t<meta property=\"og:image:type\" content=\"image\/jpeg\" \/>\n<meta name=\"author\" content=\"Jan Pulpan\" \/>\n<meta name=\"twitter:card\" content=\"summary_large_image\" \/>\n<meta name=\"twitter:label1\" content=\"\u00c9crit par\" \/>\n\t<meta name=\"twitter:data1\" content=\"Jan Pulpan\" \/>\n\t<meta name=\"twitter:label2\" content=\"Dur\u00e9e de lecture estim\u00e9e\" \/>\n\t<meta name=\"twitter:data2\" content=\"5 minutes\" \/>\n<script type=\"application\/ld+json\" class=\"yoast-schema-graph\">{\"@context\":\"https:\\\/\\\/schema.org\",\"@graph\":[{\"@type\":\"Article\",\"@id\":\"https:\\\/\\\/www.divique.com\\\/fr\\\/pourquoi-la-production-de-collagene-commence-t-elle-a-diminuer-apres-30-ans-et-que-faire-a-ce-sujet#article\",\"isPartOf\":{\"@id\":\"https:\\\/\\\/www.divique.com\\\/fr\\\/pourquoi-la-production-de-collagene-commence-t-elle-a-diminuer-apres-30-ans-et-que-faire-a-ce-sujet\"},\"author\":{\"name\":\"Jan Pulpan\",\"@id\":\"https:\\\/\\\/www.divique.com\\\/fr#\\\/schema\\\/person\\\/c6d239d6b1475a5526da61513cc0693e\"},\"headline\":\"Pourquoi la production de collag\u00e8ne commence-t-elle \u00e0 diminuer apr\u00e8s 30 ans et que faire \u00e0 ce sujet\",\"datePublished\":\"2025-08-29T16:52:04+00:00\",\"dateModified\":\"2025-09-02T07:30:30+00:00\",\"mainEntityOfPage\":{\"@id\":\"https:\\\/\\\/www.divique.com\\\/fr\\\/pourquoi-la-production-de-collagene-commence-t-elle-a-diminuer-apres-30-ans-et-que-faire-a-ce-sujet\"},\"wordCount\":965,\"commentCount\":0,\"publisher\":{\"@id\":\"https:\\\/\\\/www.divique.com\\\/fr#organization\"},\"image\":{\"@id\":\"https:\\\/\\\/www.divique.com\\\/fr\\\/pourquoi-la-production-de-collagene-commence-t-elle-a-diminuer-apres-30-ans-et-que-faire-a-ce-sujet#primaryimage\"},\"thumbnailUrl\":\"https:\\\/\\\/www.divique.com\\\/wp-content\\\/uploads\\\/aging_skin-scaled.jpeg\",\"articleSection\":[\"Non cat\u00e9goris\u00e9\"],\"inLanguage\":\"fr-FR\",\"potentialAction\":[{\"@type\":\"CommentAction\",\"name\":\"Comment\",\"target\":[\"https:\\\/\\\/www.divique.com\\\/fr\\\/pourquoi-la-production-de-collagene-commence-t-elle-a-diminuer-apres-30-ans-et-que-faire-a-ce-sujet#respond\"]}]},{\"@type\":\"WebPage\",\"@id\":\"https:\\\/\\\/www.divique.com\\\/fr\\\/pourquoi-la-production-de-collagene-commence-t-elle-a-diminuer-apres-30-ans-et-que-faire-a-ce-sujet\",\"url\":\"https:\\\/\\\/www.divique.com\\\/fr\\\/pourquoi-la-production-de-collagene-commence-t-elle-a-diminuer-apres-30-ans-et-que-faire-a-ce-sujet\",\"name\":\"Pourquoi la production de collag\u00e8ne commence-t-elle \u00e0 diminuer apr\u00e8s 30 ans et que faire \u00e0 ce sujet - Divique.com\",\"isPartOf\":{\"@id\":\"https:\\\/\\\/www.divique.com\\\/fr#website\"},\"primaryImageOfPage\":{\"@id\":\"https:\\\/\\\/www.divique.com\\\/fr\\\/pourquoi-la-production-de-collagene-commence-t-elle-a-diminuer-apres-30-ans-et-que-faire-a-ce-sujet#primaryimage\"},\"image\":{\"@id\":\"https:\\\/\\\/www.divique.com\\\/fr\\\/pourquoi-la-production-de-collagene-commence-t-elle-a-diminuer-apres-30-ans-et-que-faire-a-ce-sujet#primaryimage\"},\"thumbnailUrl\":\"https:\\\/\\\/www.divique.com\\\/wp-content\\\/uploads\\\/aging_skin-scaled.jpeg\",\"datePublished\":\"2025-08-29T16:52:04+00:00\",\"dateModified\":\"2025-09-02T07:30:30+00:00\",\"breadcrumb\":{\"@id\":\"https:\\\/\\\/www.divique.com\\\/fr\\\/pourquoi-la-production-de-collagene-commence-t-elle-a-diminuer-apres-30-ans-et-que-faire-a-ce-sujet#breadcrumb\"},\"inLanguage\":\"fr-FR\",\"potentialAction\":[{\"@type\":\"ReadAction\",\"target\":[\"https:\\\/\\\/www.divique.com\\\/fr\\\/pourquoi-la-production-de-collagene-commence-t-elle-a-diminuer-apres-30-ans-et-que-faire-a-ce-sujet\"]}]},{\"@type\":\"ImageObject\",\"inLanguage\":\"fr-FR\",\"@id\":\"https:\\\/\\\/www.divique.com\\\/fr\\\/pourquoi-la-production-de-collagene-commence-t-elle-a-diminuer-apres-30-ans-et-que-faire-a-ce-sujet#primaryimage\",\"url\":\"https:\\\/\\\/www.divique.com\\\/wp-content\\\/uploads\\\/aging_skin-scaled.jpeg\",\"contentUrl\":\"https:\\\/\\\/www.divique.com\\\/wp-content\\\/uploads\\\/aging_skin-scaled.jpeg\",\"width\":2560,\"height\":1435,\"caption\":\"Crepey Skin concept. Close-up of elderly skin showing texture and wrinkles on the cheek.\"},{\"@type\":\"BreadcrumbList\",\"@id\":\"https:\\\/\\\/www.divique.com\\\/fr\\\/pourquoi-la-production-de-collagene-commence-t-elle-a-diminuer-apres-30-ans-et-que-faire-a-ce-sujet#breadcrumb\",\"itemListElement\":[{\"@type\":\"ListItem\",\"position\":1,\"name\":\"Home\",\"item\":\"https:\\\/\\\/www.divique.com\\\/fr\\\/home\"},{\"@type\":\"ListItem\",\"position\":2,\"name\":\"Pourquoi la production de collag\u00e8ne commence-t-elle \u00e0 diminuer apr\u00e8s 30 ans et que faire \u00e0 ce sujet\"}]},{\"@type\":\"WebSite\",\"@id\":\"https:\\\/\\\/www.divique.com\\\/fr#website\",\"url\":\"https:\\\/\\\/www.divique.com\\\/fr\",\"name\":\"Divique.com\",\"description\":\"Be Divique. Kolagenov\u00e1 \u0159ada pro sebev\u011bdom\u00e9 \u017eeny. Kolagen a kyselina hyaluronov\u00e1 ve form\u011b, kter\u00e1 V\u00e1m bude vyhovovat.\",\"publisher\":{\"@id\":\"https:\\\/\\\/www.divique.com\\\/fr#organization\"},\"potentialAction\":[{\"@type\":\"SearchAction\",\"target\":{\"@type\":\"EntryPoint\",\"urlTemplate\":\"https:\\\/\\\/www.divique.com\\\/fr?s={search_term_string}\"},\"query-input\":{\"@type\":\"PropertyValueSpecification\",\"valueRequired\":true,\"valueName\":\"search_term_string\"}}],\"inLanguage\":\"fr-FR\"},{\"@type\":\"Organization\",\"@id\":\"https:\\\/\\\/www.divique.com\\\/fr#organization\",\"name\":\"DIVIQUE s.r.o.\",\"url\":\"https:\\\/\\\/www.divique.com\\\/fr\",\"logo\":{\"@type\":\"ImageObject\",\"inLanguage\":\"fr-FR\",\"@id\":\"https:\\\/\\\/www.divique.com\\\/fr#\\\/schema\\\/logo\\\/image\\\/\",\"url\":\"https:\\\/\\\/www.divique.com\\\/wp-content\\\/uploads\\\/2022\\\/04\\\/divique-logo.png\",\"contentUrl\":\"https:\\\/\\\/www.divique.com\\\/wp-content\\\/uploads\\\/2022\\\/04\\\/divique-logo.png\",\"width\":196,\"height\":64,\"caption\":\"DIVIQUE s.r.o.\"},\"image\":{\"@id\":\"https:\\\/\\\/www.divique.com\\\/fr#\\\/schema\\\/logo\\\/image\\\/\"}},{\"@type\":\"Person\",\"@id\":\"https:\\\/\\\/www.divique.com\\\/fr#\\\/schema\\\/person\\\/c6d239d6b1475a5526da61513cc0693e\",\"name\":\"Jan Pulpan\",\"image\":{\"@type\":\"ImageObject\",\"inLanguage\":\"fr-FR\",\"@id\":\"https:\\\/\\\/www.divique.com\\\/wp-content\\\/litespeed\\\/avatar\\\/872feb88fb911cfc0932c4a8d64a7037.jpg?ver=1777659959\",\"url\":\"https:\\\/\\\/www.divique.com\\\/wp-content\\\/litespeed\\\/avatar\\\/872feb88fb911cfc0932c4a8d64a7037.jpg?ver=1777659959\",\"contentUrl\":\"https:\\\/\\\/www.divique.com\\\/wp-content\\\/litespeed\\\/avatar\\\/872feb88fb911cfc0932c4a8d64a7037.jpg?ver=1777659959\",\"caption\":\"Jan Pulpan\"},\"sameAs\":[\"https:\\\/\\\/www.divique.com\"]}]}<\/script>\n<!-- \/ Yoast SEO plugin. -->","yoast_head_json":{"title":"Pourquoi la production de collag\u00e8ne commence-t-elle \u00e0 diminuer apr\u00e8s 30 ans et que faire \u00e0 ce sujet - Divique.com","robots":{"index":"index","follow":"follow","max-snippet":"max-snippet:-1","max-image-preview":"max-image-preview:large","max-video-preview":"max-video-preview:-1"},"canonical":"https:\/\/www.divique.com\/fr\/pourquoi-la-production-de-collagene-commence-t-elle-a-diminuer-apres-30-ans-et-que-faire-a-ce-sujet","og_locale":"fr_FR","og_type":"article","og_title":"Pourquoi la production de collag\u00e8ne commence-t-elle \u00e0 diminuer apr\u00e8s 30 ans et que faire \u00e0 ce sujet - Divique.com","og_description":"Le collag\u00e8ne est une prot\u00e9ine qui constitue le principal \u00e9l\u00e9ment de construction de notre peau, de nos cheveux, de nos ongles et de nos articulations. Gr\u00e2ce \u00e0 lui, la peau reste \u00e9lastique, ferme et jeune. Mais aux alentours de 30 ans, quelque chose commence \u00e0...","og_url":"https:\/\/www.divique.com\/fr\/pourquoi-la-production-de-collagene-commence-t-elle-a-diminuer-apres-30-ans-et-que-faire-a-ce-sujet","og_site_name":"Divique.com","article_published_time":"2025-08-29T16:52:04+00:00","article_modified_time":"2025-09-02T07:30:30+00:00","og_image":[{"width":2560,"height":1435,"url":"https:\/\/www.divique.com\/wp-content\/uploads\/aging_skin-scaled.jpeg","type":"image\/jpeg"}],"author":"Jan Pulpan","twitter_card":"summary_large_image","twitter_misc":{"\u00c9crit par":"Jan Pulpan","Dur\u00e9e de lecture estim\u00e9e":"5 minutes"},"schema":{"@context":"https:\/\/schema.org","@graph":[{"@type":"Article","@id":"https:\/\/www.divique.com\/fr\/pourquoi-la-production-de-collagene-commence-t-elle-a-diminuer-apres-30-ans-et-que-faire-a-ce-sujet#article","isPartOf":{"@id":"https:\/\/www.divique.com\/fr\/pourquoi-la-production-de-collagene-commence-t-elle-a-diminuer-apres-30-ans-et-que-faire-a-ce-sujet"},"author":{"name":"Jan Pulpan","@id":"https:\/\/www.divique.com\/fr#\/schema\/person\/c6d239d6b1475a5526da61513cc0693e"},"headline":"Pourquoi la production de collag\u00e8ne commence-t-elle \u00e0 diminuer apr\u00e8s 30 ans et que faire \u00e0 ce sujet","datePublished":"2025-08-29T16:52:04+00:00","dateModified":"2025-09-02T07:30:30+00:00","mainEntityOfPage":{"@id":"https:\/\/www.divique.com\/fr\/pourquoi-la-production-de-collagene-commence-t-elle-a-diminuer-apres-30-ans-et-que-faire-a-ce-sujet"},"wordCount":965,"commentCount":0,"publisher":{"@id":"https:\/\/www.divique.com\/fr#organization"},"image":{"@id":"https:\/\/www.divique.com\/fr\/pourquoi-la-production-de-collagene-commence-t-elle-a-diminuer-apres-30-ans-et-que-faire-a-ce-sujet#primaryimage"},"thumbnailUrl":"https:\/\/www.divique.com\/wp-content\/uploads\/aging_skin-scaled.jpeg","articleSection":["Non cat\u00e9goris\u00e9"],"inLanguage":"fr-FR","potentialAction":[{"@type":"CommentAction","name":"Comment","target":["https:\/\/www.divique.com\/fr\/pourquoi-la-production-de-collagene-commence-t-elle-a-diminuer-apres-30-ans-et-que-faire-a-ce-sujet#respond"]}]},{"@type":"WebPage","@id":"https:\/\/www.divique.com\/fr\/pourquoi-la-production-de-collagene-commence-t-elle-a-diminuer-apres-30-ans-et-que-faire-a-ce-sujet","url":"https:\/\/www.divique.com\/fr\/pourquoi-la-production-de-collagene-commence-t-elle-a-diminuer-apres-30-ans-et-que-faire-a-ce-sujet","name":"Pourquoi la production de collag\u00e8ne commence-t-elle \u00e0 diminuer apr\u00e8s 30 ans et que faire \u00e0 ce sujet - Divique.com","isPartOf":{"@id":"https:\/\/www.divique.com\/fr#website"},"primaryImageOfPage":{"@id":"https:\/\/www.divique.com\/fr\/pourquoi-la-production-de-collagene-commence-t-elle-a-diminuer-apres-30-ans-et-que-faire-a-ce-sujet#primaryimage"},"image":{"@id":"https:\/\/www.divique.com\/fr\/pourquoi-la-production-de-collagene-commence-t-elle-a-diminuer-apres-30-ans-et-que-faire-a-ce-sujet#primaryimage"},"thumbnailUrl":"https:\/\/www.divique.com\/wp-content\/uploads\/aging_skin-scaled.jpeg","datePublished":"2025-08-29T16:52:04+00:00","dateModified":"2025-09-02T07:30:30+00:00","breadcrumb":{"@id":"https:\/\/www.divique.com\/fr\/pourquoi-la-production-de-collagene-commence-t-elle-a-diminuer-apres-30-ans-et-que-faire-a-ce-sujet#breadcrumb"},"inLanguage":"fr-FR","potentialAction":[{"@type":"ReadAction","target":["https:\/\/www.divique.com\/fr\/pourquoi-la-production-de-collagene-commence-t-elle-a-diminuer-apres-30-ans-et-que-faire-a-ce-sujet"]}]},{"@type":"ImageObject","inLanguage":"fr-FR","@id":"https:\/\/www.divique.com\/fr\/pourquoi-la-production-de-collagene-commence-t-elle-a-diminuer-apres-30-ans-et-que-faire-a-ce-sujet#primaryimage","url":"https:\/\/www.divique.com\/wp-content\/uploads\/aging_skin-scaled.jpeg","contentUrl":"https:\/\/www.divique.com\/wp-content\/uploads\/aging_skin-scaled.jpeg","width":2560,"height":1435,"caption":"Crepey Skin concept. Close-up of elderly skin showing texture and wrinkles on the cheek."},{"@type":"BreadcrumbList","@id":"https:\/\/www.divique.com\/fr\/pourquoi-la-production-de-collagene-commence-t-elle-a-diminuer-apres-30-ans-et-que-faire-a-ce-sujet#breadcrumb","itemListElement":[{"@type":"ListItem","position":1,"name":"Home","item":"https:\/\/www.divique.com\/fr\/home"},{"@type":"ListItem","position":2,"name":"Pourquoi la production de collag\u00e8ne commence-t-elle \u00e0 diminuer apr\u00e8s 30 ans et que faire \u00e0 ce sujet"}]},{"@type":"WebSite","@id":"https:\/\/www.divique.com\/fr#website","url":"https:\/\/www.divique.com\/fr","name":"Divique.com","description":"Be Divique. Kolagenov\u00e1 \u0159ada pro sebev\u011bdom\u00e9 \u017eeny. Kolagen a kyselina hyaluronov\u00e1 ve form\u011b, kter\u00e1 V\u00e1m bude vyhovovat.","publisher":{"@id":"https:\/\/www.divique.com\/fr#organization"},"potentialAction":[{"@type":"SearchAction","target":{"@type":"EntryPoint","urlTemplate":"https:\/\/www.divique.com\/fr?s={search_term_string}"},"query-input":{"@type":"PropertyValueSpecification","valueRequired":true,"valueName":"search_term_string"}}],"inLanguage":"fr-FR"},{"@type":"Organization","@id":"https:\/\/www.divique.com\/fr#organization","name":"DIVIQUE s.r.o.","url":"https:\/\/www.divique.com\/fr","logo":{"@type":"ImageObject","inLanguage":"fr-FR","@id":"https:\/\/www.divique.com\/fr#\/schema\/logo\/image\/","url":"https:\/\/www.divique.com\/wp-content\/uploads\/2022\/04\/divique-logo.png","contentUrl":"https:\/\/www.divique.com\/wp-content\/uploads\/2022\/04\/divique-logo.png","width":196,"height":64,"caption":"DIVIQUE s.r.o."},"image":{"@id":"https:\/\/www.divique.com\/fr#\/schema\/logo\/image\/"}},{"@type":"Person","@id":"https:\/\/www.divique.com\/fr#\/schema\/person\/c6d239d6b1475a5526da61513cc0693e","name":"Jan Pulpan","image":{"@type":"ImageObject","inLanguage":"fr-FR","@id":"https:\/\/www.divique.com\/wp-content\/litespeed\/avatar\/872feb88fb911cfc0932c4a8d64a7037.jpg?ver=1777659959","url":"https:\/\/www.divique.com\/wp-content\/litespeed\/avatar\/872feb88fb911cfc0932c4a8d64a7037.jpg?ver=1777659959","contentUrl":"https:\/\/www.divique.com\/wp-content\/litespeed\/avatar\/872feb88fb911cfc0932c4a8d64a7037.jpg?ver=1777659959","caption":"Jan Pulpan"},"sameAs":["https:\/\/www.divique.com"]}]}},"_links":{"self":[{"href":"https:\/\/www.divique.com\/fr\/wp-json\/wp\/v2\/posts\/3485","targetHints":{"allow":["GET"]}}],"collection":[{"href":"https:\/\/www.divique.com\/fr\/wp-json\/wp\/v2\/posts"}],"about":[{"href":"https:\/\/www.divique.com\/fr\/wp-json\/wp\/v2\/types\/post"}],"author":[{"embeddable":true,"href":"https:\/\/www.divique.com\/fr\/wp-json\/wp\/v2\/users\/1"}],"replies":[{"embeddable":true,"href":"https:\/\/www.divique.com\/fr\/wp-json\/wp\/v2\/comments?post=3485"}],"version-history":[{"count":1,"href":"https:\/\/www.divique.com\/fr\/wp-json\/wp\/v2\/posts\/3485\/revisions"}],"predecessor-version":[{"id":3486,"href":"https:\/\/www.divique.com\/fr\/wp-json\/wp\/v2\/posts\/3485\/revisions\/3486"}],"wp:featuredmedia":[{"embeddable":true,"href":"https:\/\/www.divique.com\/fr\/wp-json\/wp\/v2\/media\/3439"}],"wp:attachment":[{"href":"https:\/\/www.divique.com\/fr\/wp-json\/wp\/v2\/media?parent=3485"}],"wp:term":[{"taxonomy":"category","embeddable":true,"href":"https:\/\/www.divique.com\/fr\/wp-json\/wp\/v2\/categories?post=3485"},{"taxonomy":"post_tag","embeddable":true,"href":"https:\/\/www.divique.com\/fr\/wp-json\/wp\/v2\/tags?post=3485"}],"curies":[{"name":"wp","href":"https:\/\/api.w.org\/{rel}","templated":true}]}}