{"id":3483,"date":"2025-08-29T16:52:04","date_gmt":"2025-08-29T16:52:04","guid":{"rendered":"https:\/\/www.divique.com\/warum-beginnt-die-kollagenproduktion-nach-dem-30-lebensjahr-zu-sinken-und-was-kann-man-dagegen-tun"},"modified":"2025-09-02T07:28:42","modified_gmt":"2025-09-02T07:28:42","slug":"warum-beginnt-die-kollagenproduktion-nach-dem-30-lebensjahr-zu-sinken-und-was-kann-man-dagegen-tun","status":"publish","type":"post","link":"https:\/\/www.divique.com\/de\/warum-beginnt-die-kollagenproduktion-nach-dem-30-lebensjahr-zu-sinken-und-was-kann-man-dagegen-tun","title":{"rendered":"Warum beginnt die Kollagenproduktion nach dem 30. Lebensjahr zu sinken und was kann man dagegen tun"},"content":{"rendered":"\n<p>Kollagen ist ein Protein, das den grundlegenden Baustein unserer Haut, Haare, N\u00e4gel und Gelenke bildet. Dank ihm bleibt die Haut elastisch, fest und jugendlich. Doch etwa ab dem 30. Lebensjahr beginnt etwas, das wir oft im Spiegel bemerken \u2013 <strong>die Kollagenproduktion nimmt ab<\/strong>. Warum geschieht das und was kannst du dagegen tun?    <\/p>\n\n<figure class=\"wp-block-image size-large\"><img loading=\"lazy\" decoding=\"async\" width=\"1024\" height=\"683\" src=\"https:\/\/www.divique.com\/wp-content\/uploads\/2023\/04\/woman-mirror-1024x683.jpeg\" alt=\"\" class=\"wp-image-1194\" srcset=\"https:\/\/www.divique.com\/wp-content\/uploads\/2023\/04\/woman-mirror-1024x683.jpeg 1024w, https:\/\/www.divique.com\/wp-content\/uploads\/2023\/04\/woman-mirror-480x320.jpeg 480w, https:\/\/www.divique.com\/wp-content\/uploads\/2023\/04\/woman-mirror-640x427.jpeg 640w, https:\/\/www.divique.com\/wp-content\/uploads\/2023\/04\/woman-mirror-720x480.jpeg 720w, https:\/\/www.divique.com\/wp-content\/uploads\/2023\/04\/woman-mirror-960x641.jpeg 960w, https:\/\/www.divique.com\/wp-content\/uploads\/2023\/04\/woman-mirror-1168x779.jpeg 1168w, https:\/\/www.divique.com\/wp-content\/uploads\/2023\/04\/woman-mirror-1440x961.jpeg 1440w, https:\/\/www.divique.com\/wp-content\/uploads\/2023\/04\/woman-mirror-1920x1281.jpeg 1920w, https:\/\/www.divique.com\/wp-content\/uploads\/2023\/04\/woman-mirror-300x200.jpeg 300w, https:\/\/www.divique.com\/wp-content\/uploads\/2023\/04\/woman-mirror-768x512.jpeg 768w, https:\/\/www.divique.com\/wp-content\/uploads\/2023\/04\/woman-mirror-1536x1025.jpeg 1536w, https:\/\/www.divique.com\/wp-content\/uploads\/2023\/04\/woman-mirror-2048x1366.jpeg 2048w, https:\/\/www.divique.com\/wp-content\/uploads\/2023\/04\/woman-mirror-600x400.jpeg 600w, https:\/\/www.divique.com\/wp-content\/uploads\/2023\/04\/woman-mirror.jpeg 2500w\" sizes=\"auto, (max-width: 1024px) 100vw, 1024px\" \/><\/figure>\n\n<h2 class=\"wp-block-heading\">Warum nimmt Kollagen nach dem 30. Lebensjahr ab?<\/h2>\n\n<p>Um die drei\u00dfig beginnt sich unser K\u00f6rper auf nat\u00fcrliche Weise zu ver\u00e4ndern. W\u00e4hrend wir in jungen Jahren Kollagen problemlos selbst produzieren, nimmt seine Produktion nach dem 25. Lebensjahr allm\u00e4hlich ab \u2013 und nach 30 ist der R\u00fcckgang bereits deutlicher sp\u00fcrbar.  <\/p>\n\n<p>Hauptgr\u00fcnde:<\/p>\n\n<ul class=\"wp-block-list\">\n<li><strong>Nat\u00fcrliche Alterung:<\/strong> Die Zellen, die f\u00fcr die Kollagenbildung verantwortlich sind, arbeiten langsamer.<\/li>\n\n\n\n<li><strong>Lebensstil:<\/strong> Rauchen, h\u00e4ufiges Sonnenbaden, Stress oder Schlafmangel beschleunigen den Prozess.<\/li>\n\n\n\n<li><strong>N\u00e4hrstoffmangel:<\/strong> Aminos\u00e4uren und Vitamin C sind f\u00fcr die Kollagenbildung unerl\u00e4sslich.<\/li>\n\n\n\n<li><strong>Oxidativer Stress:<\/strong> Freie Radikale sch\u00e4digen die Kollagenfasern.<\/li>\n<\/ul>\n\n<p>Das Ergebnis ist, dass die Haut nach und nach an Elastizit\u00e4t verliert, erste Falten erscheinen und der Teint m\u00fcde wirkt.<\/p>\n\n<h2 class=\"wp-block-heading\">Anzeichen eines Kollagenmangels<\/h2>\n\n<p>M\u00f6chtest du wissen, ob deinem K\u00f6rper Kollagen fehlt? Zu den typischen Anzeichen geh\u00f6ren: <\/p>\n\n<ul class=\"wp-block-list\">\n<li>feine Falten und schlaffe Haut,<\/li>\n\n\n\n<li>trockene Haut,<\/li>\n\n\n\n<li>schw\u00e4cheres und br\u00fcchiges Haar,<\/li>\n\n\n\n<li>splitternde N\u00e4gel,<\/li>\n\n\n\n<li>Gelenkschmerzen oder langsamere Regeneration nach dem Sport.<\/li>\n<\/ul>\n\n<figure class=\"wp-block-image size-large\"><img loading=\"lazy\" decoding=\"async\" width=\"1024\" height=\"683\" src=\"https:\/\/www.divique.com\/wp-content\/uploads\/woman_looking_into_mirror-1024x683.jpeg\" alt=\"\" class=\"wp-image-3468\" srcset=\"https:\/\/www.divique.com\/wp-content\/uploads\/woman_looking_into_mirror-1024x683.jpeg 1024w, https:\/\/www.divique.com\/wp-content\/uploads\/woman_looking_into_mirror-300x200.jpeg 300w, https:\/\/www.divique.com\/wp-content\/uploads\/woman_looking_into_mirror-768x512.jpeg 768w, https:\/\/www.divique.com\/wp-content\/uploads\/woman_looking_into_mirror-1536x1024.jpeg 1536w, https:\/\/www.divique.com\/wp-content\/uploads\/woman_looking_into_mirror-2048x1365.jpeg 2048w, https:\/\/www.divique.com\/wp-content\/uploads\/woman_looking_into_mirror-480x320.jpeg 480w, https:\/\/www.divique.com\/wp-content\/uploads\/woman_looking_into_mirror-640x427.jpeg 640w, https:\/\/www.divique.com\/wp-content\/uploads\/woman_looking_into_mirror-720x480.jpeg 720w, https:\/\/www.divique.com\/wp-content\/uploads\/woman_looking_into_mirror-960x640.jpeg 960w, https:\/\/www.divique.com\/wp-content\/uploads\/woman_looking_into_mirror-1168x779.jpeg 1168w, https:\/\/www.divique.com\/wp-content\/uploads\/woman_looking_into_mirror-1440x960.jpeg 1440w, https:\/\/www.divique.com\/wp-content\/uploads\/woman_looking_into_mirror-1920x1280.jpeg 1920w, https:\/\/www.divique.com\/wp-content\/uploads\/woman_looking_into_mirror-600x400.jpeg 600w, https:\/\/www.divique.com\/wp-content\/uploads\/woman_looking_into_mirror-scaled.jpeg 2560w\" sizes=\"auto, (max-width: 1024px) 100vw, 1024px\" \/><\/figure>\n\n<h2 class=\"wp-block-heading\">Wie man die Kollagenproduktion unterst\u00fctzt<\/h2>\n\n<p>Die gute Nachricht ist, dass du den Kollagenabbau nicht nur passiv hinnehmen musst. Es gibt mehrere M\u00f6glichkeiten, seine Produktion zu unterst\u00fctzen und so das Aussehen deiner Haut zu verbessern. <\/p>\n\n<h3 class=\"wp-block-heading\">1. Eine eiwei\u00dfreiche Ern\u00e4hrung mit viel Vitamin C<\/h3>\n\n<p>Kollagen entsteht aus Aminos\u00e4uren (Glycin, Prolin, Hydroxyprolin), die du haupts\u00e4chlich aus Eiwei\u00df erh\u00e4ltst. Eine wichtige Rolle spielt Vitamin C, denn ohne dieses kann der K\u00f6rper \u00fcberhaupt kein Kollagen synthetisieren. <\/p>\n\n<ul class=\"wp-block-list\">\n<li>Nimm in deinen Speiseplan auf: mageres Fleisch, Fisch, Eier, Zitrusfr\u00fcchte, Paprika, Brokkoli.<\/li>\n<\/ul>\n\n<h3 class=\"wp-block-heading\">2. Kollagenpr\u00e4parate nach dem 30. Lebensjahr<\/h3>\n\n<p>Wenn du sicherstellen m\u00f6chtest, dass dein K\u00f6rper gen\u00fcgend Bausteine erh\u00e4lt, greife zu <a href=\"https:\/\/www.divique.com\/de\/shop\">Kollagenpr\u00e4paraten<\/a>. Das beste Kollagen nach dem 30. Lebensjahr ist <a href=\"https:\/\/www.divique.com\/de\/shop\">hydrolysiertes Kollagen<\/a>, das gut aufgenommen wird. <\/p>\n\n<ul class=\"wp-block-list\">\n<li>Beliebte Formen von Kollagen sind: <a href=\"https:\/\/www.divique.com\/de\/shop\">Kollagenpulver<\/a>, <a href=\"https:\/\/www.divique.com\/de\/shop\">fl\u00fcssiges Kollagen in Ampullen<\/a>, <a href=\"https:\/\/www.divique.com\/de\/shop\">Kollagenkapseln<\/a>.<\/li>\n<\/ul>\n\n<h3 class=\"wp-block-heading\">3. Vitamin C und Kollagen<\/h3>\n\n<p>Wenn du Kollagen einnimmst, vergiss nicht, es mit <a href=\"https:\/\/www.divique.com\/de\/shop\">Vitamin C<\/a> zu kombinieren. Ohne dieses kann der K\u00f6rper das Kollagen aus Nahrungserg\u00e4nzungsmitteln nicht optimal nutzen. Zum Beispiel ist die tropische Camu-Camu-Frucht aus dem Amazonas eine hervorragende pflanzliche Quelle f\u00fcr Vitamin C.  <\/p>\n\n<h3 class=\"wp-block-heading\">4. \u00c4sthetische Behandlungen<\/h3>\n\n<p>Wer einen intensiveren Effekt m\u00f6chte, kann auch Behandlungen w\u00e4hlen, die die Kollagenbildung direkt in der Haut anregen:<\/p>\n\n<ul class=\"wp-block-list\">\n<li>microneedling,<\/li>\n\n\n\n<li>Laserbehandlung,<\/li>\n\n\n\n<li>Radiofrequenz.<\/li>\n<\/ul>\n\n<h3 class=\"wp-block-heading\">5. Lebensstil<\/h3>\n\n<p>Untersch\u00e4tze nicht den Einfluss des Lebensstils auf den Kollagengehalt in deinem K\u00f6rper. Versuche, das Rauchen zu reduzieren, sch\u00fctze deine Haut vor UV-Strahlung, schlafe ausreichend und bewege dich regelm\u00e4\u00dfig. <\/p>\n\n<figure class=\"wp-block-image size-large\"><img loading=\"lazy\" decoding=\"async\" width=\"1024\" height=\"683\" src=\"https:\/\/www.divique.com\/wp-content\/uploads\/beauty-generation-1024x683.jpg\" alt=\"\" class=\"wp-image-1429\" srcset=\"https:\/\/www.divique.com\/wp-content\/uploads\/beauty-generation-1024x683.jpg 1024w, https:\/\/www.divique.com\/wp-content\/uploads\/beauty-generation-300x200.jpg 300w, https:\/\/www.divique.com\/wp-content\/uploads\/beauty-generation-768x512.jpg 768w, https:\/\/www.divique.com\/wp-content\/uploads\/beauty-generation-1536x1025.jpg 1536w, https:\/\/www.divique.com\/wp-content\/uploads\/beauty-generation-2048x1366.jpg 2048w, https:\/\/www.divique.com\/wp-content\/uploads\/beauty-generation-480x320.jpg 480w, https:\/\/www.divique.com\/wp-content\/uploads\/beauty-generation-640x427.jpg 640w, https:\/\/www.divique.com\/wp-content\/uploads\/beauty-generation-720x480.jpg 720w, https:\/\/www.divique.com\/wp-content\/uploads\/beauty-generation-960x641.jpg 960w, https:\/\/www.divique.com\/wp-content\/uploads\/beauty-generation-1168x779.jpg 1168w, https:\/\/www.divique.com\/wp-content\/uploads\/beauty-generation-1440x961.jpg 1440w, https:\/\/www.divique.com\/wp-content\/uploads\/beauty-generation-1920x1281.jpg 1920w, https:\/\/www.divique.com\/wp-content\/uploads\/beauty-generation-600x400.jpg 600w, https:\/\/www.divique.com\/wp-content\/uploads\/beauty-generation.jpg 2500w\" sizes=\"auto, (max-width: 1024px) 100vw, 1024px\" \/><\/figure>\n\n<h2 class=\"wp-block-heading\">Kollagen und Hautalterung<\/h2>\n\n<p>Kollagen ist eng mit der Hautalterung verbunden. Wenn gen\u00fcgend vorhanden ist, wirkt die Haut fest und strahlend. Fehlt es, entstehen Falten, das Volumen geht verloren und die Haut wirkt schlaff. Deshalb ist es wichtig, rechtzeitig mit der Kollagenzufuhr zu beginnen \u2013 bevor diese Anzeichen auftreten. Und das nicht nur durch Kosmetik, sondern vor allem von innen.    <\/p>\n\n<h2 class=\"wp-block-heading\">Kollagenserum vs Nahrungserg\u00e4nzungsmittel<\/h2>\n\n<p>Vielleicht hast du dich gefragt, ob es ausreicht, ein Kollagenserum zu verwenden. Leider ist das Kollagenmolek\u00fcl zu gro\u00df, um in die tieferen Hautschichten einzudringen. Ein Serum kann die Haut mit Feuchtigkeit versorgen und ihr ein elastischeres Aussehen verleihen, aber f\u00fcr eine echte Wirkung muss Kollagen innerlich erg\u00e4nzt werden.  <\/p>\n\n<h2 class=\"wp-block-heading\">Wann sollte man mit der Einnahme von Kollagen beginnen?<\/h2>\n\n<p>Viele Frauen warten bis zu den ersten Falten, aber in Wirklichkeit ist es am besten, schon mit 25\u201330 Jahren mit der Einnahme von Kollagen zu beginnen. Der K\u00f6rper produziert es zwar noch, aber bereits weniger als fr\u00fcher. Fr\u00fche Vorbeugung hilft dir, die sichtbaren Anzeichen der Hautalterung hinauszuz\u00f6gern.  <\/p>\n\n<h2 class=\"wp-block-heading\">Zusammenfassung: Was tun, wenn das Kollagen nach dem 30. Lebensjahr abnimmt?<\/h2>\n\n<ul class=\"wp-block-list\">\n<li>Nimm hochwertige Eiweisse und Vitamin C in deinen Speiseplan auf.<\/li>\n\n\n\n<li>Vermeide Gewohnheiten, die Kollagen sch\u00e4digen (Rauchen, Sonne ohne Schutz).<\/li>\n\n\n\n<li>Unterst\u00fctze deinen K\u00f6rper mit hochwertigen Kollagenpr\u00e4paraten.<\/li>\n\n\n\n<li>Kombiniere Kollagen mit Vitamin C f\u00fcr eine bessere Aufnahme.<\/li>\n\n\n\n<li>Wenn du einen intensiveren Effekt m\u00f6chtest, ziehe \u00e4sthetische Behandlungen in Betracht.<\/li>\n<\/ul>\n\n<p>Ein niedriger Kollagenspiegel nach dem 30. Lebensjahr ist kein Schreckgespenst \u2013 im Gegenteil: Wenn du darauf achtest und ihn regelm\u00e4ssig erg\u00e4nzt, kannst du die Sch\u00f6nheit und Vitalit\u00e4t deiner Haut deutlich unterst\u00fctzen.<\/p>\n\n<hr class=\"wp-block-separator has-alpha-channel-opacity\"\/>\n\n<p>\ud83d\udc49 Tipp zum Schluss: Auf <a href=\"http:\/\/www.divique.com\">www.divique.com<\/a> findest du Kollagenpr\u00e4parate, die speziell f\u00fcr Frauen entwickelt wurden, die ihre Sch\u00f6nheit und Gesundheit auf nat\u00fcrliche Weise unterst\u00fctzen m\u00f6chten.<\/p>\n","protected":false},"excerpt":{"rendered":"<p>Kollagen ist ein Protein, das den grundlegenden Baustein unserer Haut, Haare, N\u00e4gel und Gelenke bildet. Dank ihm bleibt die Haut elastisch, fest und jugendlich. Doch etwa ab dem 30. Lebensjahr beginnt etwas, das wir oft im Spiegel bemerken \u2013 die Kollagenproduktion nimmt ab. Warum geschieht...<\/p>\n","protected":false},"author":1,"featured_media":3440,"comment_status":"open","ping_status":"open","sticky":false,"template":"","format":"standard","meta":{"_acf_changed":false,"footnotes":""},"categories":[18],"tags":[],"class_list":["post-3483","post","type-post","status-publish","format-standard","has-post-thumbnail","hentry","category-unkategorisiert"],"acf":[],"yoast_head":"<!-- This site is optimized with the Yoast SEO plugin v27.5 - https:\/\/yoast.com\/product\/yoast-seo-wordpress\/ -->\n<title>Warum beginnt die Kollagenproduktion nach dem 30. Lebensjahr zu sinken und was kann man dagegen tun - Divique.com<\/title>\n<meta name=\"robots\" content=\"index, follow, max-snippet:-1, max-image-preview:large, max-video-preview:-1\" \/>\n<link rel=\"canonical\" href=\"https:\/\/www.divique.com\/de\/warum-beginnt-die-kollagenproduktion-nach-dem-30-lebensjahr-zu-sinken-und-was-kann-man-dagegen-tun\" \/>\n<meta property=\"og:locale\" content=\"de_DE\" \/>\n<meta property=\"og:type\" content=\"article\" \/>\n<meta property=\"og:title\" content=\"Warum beginnt die Kollagenproduktion nach dem 30. Lebensjahr zu sinken und was kann man dagegen tun - Divique.com\" \/>\n<meta property=\"og:description\" content=\"Kollagen ist ein Protein, das den grundlegenden Baustein unserer Haut, Haare, N\u00e4gel und Gelenke bildet. Dank ihm bleibt die Haut elastisch, fest und jugendlich. Doch etwa ab dem 30. Lebensjahr beginnt etwas, das wir oft im Spiegel bemerken \u2013 die Kollagenproduktion nimmt ab. Warum geschieht...\" \/>\n<meta property=\"og:url\" content=\"https:\/\/www.divique.com\/de\/warum-beginnt-die-kollagenproduktion-nach-dem-30-lebensjahr-zu-sinken-und-was-kann-man-dagegen-tun\" \/>\n<meta property=\"og:site_name\" content=\"Divique.com\" \/>\n<meta property=\"article:published_time\" content=\"2025-08-29T16:52:04+00:00\" \/>\n<meta property=\"article:modified_time\" content=\"2025-09-02T07:28:42+00:00\" \/>\n<meta property=\"og:image\" content=\"https:\/\/www.divique.com\/wp-content\/uploads\/aging_skin-scaled.jpeg\" \/>\n\t<meta property=\"og:image:width\" content=\"2560\" \/>\n\t<meta property=\"og:image:height\" content=\"1435\" \/>\n\t<meta property=\"og:image:type\" content=\"image\/jpeg\" \/>\n<meta name=\"author\" content=\"Jan Pulpan\" \/>\n<meta name=\"twitter:card\" content=\"summary_large_image\" \/>\n<meta name=\"twitter:label1\" content=\"Verfasst von\" \/>\n\t<meta name=\"twitter:data1\" content=\"Jan Pulpan\" \/>\n\t<meta name=\"twitter:label2\" content=\"Gesch\u00e4tzte Lesezeit\" \/>\n\t<meta name=\"twitter:data2\" content=\"4\u00a0Minuten\" \/>\n<script type=\"application\/ld+json\" class=\"yoast-schema-graph\">{\"@context\":\"https:\\\/\\\/schema.org\",\"@graph\":[{\"@type\":\"Article\",\"@id\":\"https:\\\/\\\/www.divique.com\\\/de\\\/warum-beginnt-die-kollagenproduktion-nach-dem-30-lebensjahr-zu-sinken-und-was-kann-man-dagegen-tun#article\",\"isPartOf\":{\"@id\":\"https:\\\/\\\/www.divique.com\\\/de\\\/warum-beginnt-die-kollagenproduktion-nach-dem-30-lebensjahr-zu-sinken-und-was-kann-man-dagegen-tun\"},\"author\":{\"name\":\"Jan Pulpan\",\"@id\":\"https:\\\/\\\/www.divique.com\\\/de#\\\/schema\\\/person\\\/c6d239d6b1475a5526da61513cc0693e\"},\"headline\":\"Warum beginnt die Kollagenproduktion nach dem 30. Lebensjahr zu sinken und was kann man dagegen tun\",\"datePublished\":\"2025-08-29T16:52:04+00:00\",\"dateModified\":\"2025-09-02T07:28:42+00:00\",\"mainEntityOfPage\":{\"@id\":\"https:\\\/\\\/www.divique.com\\\/de\\\/warum-beginnt-die-kollagenproduktion-nach-dem-30-lebensjahr-zu-sinken-und-was-kann-man-dagegen-tun\"},\"wordCount\":775,\"commentCount\":0,\"publisher\":{\"@id\":\"https:\\\/\\\/www.divique.com\\\/de#organization\"},\"image\":{\"@id\":\"https:\\\/\\\/www.divique.com\\\/de\\\/warum-beginnt-die-kollagenproduktion-nach-dem-30-lebensjahr-zu-sinken-und-was-kann-man-dagegen-tun#primaryimage\"},\"thumbnailUrl\":\"https:\\\/\\\/www.divique.com\\\/wp-content\\\/uploads\\\/aging_skin-scaled.jpeg\",\"articleSection\":[\"Unkategorisiert\"],\"inLanguage\":\"de\",\"potentialAction\":[{\"@type\":\"CommentAction\",\"name\":\"Comment\",\"target\":[\"https:\\\/\\\/www.divique.com\\\/de\\\/warum-beginnt-die-kollagenproduktion-nach-dem-30-lebensjahr-zu-sinken-und-was-kann-man-dagegen-tun#respond\"]}]},{\"@type\":\"WebPage\",\"@id\":\"https:\\\/\\\/www.divique.com\\\/de\\\/warum-beginnt-die-kollagenproduktion-nach-dem-30-lebensjahr-zu-sinken-und-was-kann-man-dagegen-tun\",\"url\":\"https:\\\/\\\/www.divique.com\\\/de\\\/warum-beginnt-die-kollagenproduktion-nach-dem-30-lebensjahr-zu-sinken-und-was-kann-man-dagegen-tun\",\"name\":\"Warum beginnt die Kollagenproduktion nach dem 30. Lebensjahr zu sinken und was kann man dagegen tun - Divique.com\",\"isPartOf\":{\"@id\":\"https:\\\/\\\/www.divique.com\\\/de#website\"},\"primaryImageOfPage\":{\"@id\":\"https:\\\/\\\/www.divique.com\\\/de\\\/warum-beginnt-die-kollagenproduktion-nach-dem-30-lebensjahr-zu-sinken-und-was-kann-man-dagegen-tun#primaryimage\"},\"image\":{\"@id\":\"https:\\\/\\\/www.divique.com\\\/de\\\/warum-beginnt-die-kollagenproduktion-nach-dem-30-lebensjahr-zu-sinken-und-was-kann-man-dagegen-tun#primaryimage\"},\"thumbnailUrl\":\"https:\\\/\\\/www.divique.com\\\/wp-content\\\/uploads\\\/aging_skin-scaled.jpeg\",\"datePublished\":\"2025-08-29T16:52:04+00:00\",\"dateModified\":\"2025-09-02T07:28:42+00:00\",\"breadcrumb\":{\"@id\":\"https:\\\/\\\/www.divique.com\\\/de\\\/warum-beginnt-die-kollagenproduktion-nach-dem-30-lebensjahr-zu-sinken-und-was-kann-man-dagegen-tun#breadcrumb\"},\"inLanguage\":\"de\",\"potentialAction\":[{\"@type\":\"ReadAction\",\"target\":[\"https:\\\/\\\/www.divique.com\\\/de\\\/warum-beginnt-die-kollagenproduktion-nach-dem-30-lebensjahr-zu-sinken-und-was-kann-man-dagegen-tun\"]}]},{\"@type\":\"ImageObject\",\"inLanguage\":\"de\",\"@id\":\"https:\\\/\\\/www.divique.com\\\/de\\\/warum-beginnt-die-kollagenproduktion-nach-dem-30-lebensjahr-zu-sinken-und-was-kann-man-dagegen-tun#primaryimage\",\"url\":\"https:\\\/\\\/www.divique.com\\\/wp-content\\\/uploads\\\/aging_skin-scaled.jpeg\",\"contentUrl\":\"https:\\\/\\\/www.divique.com\\\/wp-content\\\/uploads\\\/aging_skin-scaled.jpeg\",\"width\":2560,\"height\":1435,\"caption\":\"Crepey Skin concept. Close-up of elderly skin showing texture and wrinkles on the cheek.\"},{\"@type\":\"BreadcrumbList\",\"@id\":\"https:\\\/\\\/www.divique.com\\\/de\\\/warum-beginnt-die-kollagenproduktion-nach-dem-30-lebensjahr-zu-sinken-und-was-kann-man-dagegen-tun#breadcrumb\",\"itemListElement\":[{\"@type\":\"ListItem\",\"position\":1,\"name\":\"Home\",\"item\":\"https:\\\/\\\/www.divique.com\\\/de\"},{\"@type\":\"ListItem\",\"position\":2,\"name\":\"Warum beginnt die Kollagenproduktion nach dem 30. Lebensjahr zu sinken und was kann man dagegen tun\"}]},{\"@type\":\"WebSite\",\"@id\":\"https:\\\/\\\/www.divique.com\\\/de#website\",\"url\":\"https:\\\/\\\/www.divique.com\\\/de\",\"name\":\"Divique.com\",\"description\":\"Be Divique. Kolagenov\u00e1 \u0159ada pro sebev\u011bdom\u00e9 \u017eeny. Kolagen a kyselina hyaluronov\u00e1 ve form\u011b, kter\u00e1 V\u00e1m bude vyhovovat.\",\"publisher\":{\"@id\":\"https:\\\/\\\/www.divique.com\\\/de#organization\"},\"potentialAction\":[{\"@type\":\"SearchAction\",\"target\":{\"@type\":\"EntryPoint\",\"urlTemplate\":\"https:\\\/\\\/www.divique.com\\\/de?s={search_term_string}\"},\"query-input\":{\"@type\":\"PropertyValueSpecification\",\"valueRequired\":true,\"valueName\":\"search_term_string\"}}],\"inLanguage\":\"de\"},{\"@type\":\"Organization\",\"@id\":\"https:\\\/\\\/www.divique.com\\\/de#organization\",\"name\":\"DIVIQUE s.r.o.\",\"url\":\"https:\\\/\\\/www.divique.com\\\/de\",\"logo\":{\"@type\":\"ImageObject\",\"inLanguage\":\"de\",\"@id\":\"https:\\\/\\\/www.divique.com\\\/de#\\\/schema\\\/logo\\\/image\\\/\",\"url\":\"https:\\\/\\\/www.divique.com\\\/wp-content\\\/uploads\\\/2022\\\/04\\\/divique-logo.png\",\"contentUrl\":\"https:\\\/\\\/www.divique.com\\\/wp-content\\\/uploads\\\/2022\\\/04\\\/divique-logo.png\",\"width\":196,\"height\":64,\"caption\":\"DIVIQUE s.r.o.\"},\"image\":{\"@id\":\"https:\\\/\\\/www.divique.com\\\/de#\\\/schema\\\/logo\\\/image\\\/\"}},{\"@type\":\"Person\",\"@id\":\"https:\\\/\\\/www.divique.com\\\/de#\\\/schema\\\/person\\\/c6d239d6b1475a5526da61513cc0693e\",\"name\":\"Jan Pulpan\",\"image\":{\"@type\":\"ImageObject\",\"inLanguage\":\"de\",\"@id\":\"https:\\\/\\\/www.divique.com\\\/wp-content\\\/litespeed\\\/avatar\\\/872feb88fb911cfc0932c4a8d64a7037.jpg?ver=1777659959\",\"url\":\"https:\\\/\\\/www.divique.com\\\/wp-content\\\/litespeed\\\/avatar\\\/872feb88fb911cfc0932c4a8d64a7037.jpg?ver=1777659959\",\"contentUrl\":\"https:\\\/\\\/www.divique.com\\\/wp-content\\\/litespeed\\\/avatar\\\/872feb88fb911cfc0932c4a8d64a7037.jpg?ver=1777659959\",\"caption\":\"Jan Pulpan\"},\"sameAs\":[\"https:\\\/\\\/www.divique.com\"]}]}<\/script>\n<!-- \/ Yoast SEO plugin. -->","yoast_head_json":{"title":"Warum beginnt die Kollagenproduktion nach dem 30. Lebensjahr zu sinken und was kann man dagegen tun - Divique.com","robots":{"index":"index","follow":"follow","max-snippet":"max-snippet:-1","max-image-preview":"max-image-preview:large","max-video-preview":"max-video-preview:-1"},"canonical":"https:\/\/www.divique.com\/de\/warum-beginnt-die-kollagenproduktion-nach-dem-30-lebensjahr-zu-sinken-und-was-kann-man-dagegen-tun","og_locale":"de_DE","og_type":"article","og_title":"Warum beginnt die Kollagenproduktion nach dem 30. Lebensjahr zu sinken und was kann man dagegen tun - Divique.com","og_description":"Kollagen ist ein Protein, das den grundlegenden Baustein unserer Haut, Haare, N\u00e4gel und Gelenke bildet. Dank ihm bleibt die Haut elastisch, fest und jugendlich. Doch etwa ab dem 30. Lebensjahr beginnt etwas, das wir oft im Spiegel bemerken \u2013 die Kollagenproduktion nimmt ab. Warum geschieht...","og_url":"https:\/\/www.divique.com\/de\/warum-beginnt-die-kollagenproduktion-nach-dem-30-lebensjahr-zu-sinken-und-was-kann-man-dagegen-tun","og_site_name":"Divique.com","article_published_time":"2025-08-29T16:52:04+00:00","article_modified_time":"2025-09-02T07:28:42+00:00","og_image":[{"width":2560,"height":1435,"url":"https:\/\/www.divique.com\/wp-content\/uploads\/aging_skin-scaled.jpeg","type":"image\/jpeg"}],"author":"Jan Pulpan","twitter_card":"summary_large_image","twitter_misc":{"Verfasst von":"Jan Pulpan","Gesch\u00e4tzte Lesezeit":"4\u00a0Minuten"},"schema":{"@context":"https:\/\/schema.org","@graph":[{"@type":"Article","@id":"https:\/\/www.divique.com\/de\/warum-beginnt-die-kollagenproduktion-nach-dem-30-lebensjahr-zu-sinken-und-was-kann-man-dagegen-tun#article","isPartOf":{"@id":"https:\/\/www.divique.com\/de\/warum-beginnt-die-kollagenproduktion-nach-dem-30-lebensjahr-zu-sinken-und-was-kann-man-dagegen-tun"},"author":{"name":"Jan Pulpan","@id":"https:\/\/www.divique.com\/de#\/schema\/person\/c6d239d6b1475a5526da61513cc0693e"},"headline":"Warum beginnt die Kollagenproduktion nach dem 30. Lebensjahr zu sinken und was kann man dagegen tun","datePublished":"2025-08-29T16:52:04+00:00","dateModified":"2025-09-02T07:28:42+00:00","mainEntityOfPage":{"@id":"https:\/\/www.divique.com\/de\/warum-beginnt-die-kollagenproduktion-nach-dem-30-lebensjahr-zu-sinken-und-was-kann-man-dagegen-tun"},"wordCount":775,"commentCount":0,"publisher":{"@id":"https:\/\/www.divique.com\/de#organization"},"image":{"@id":"https:\/\/www.divique.com\/de\/warum-beginnt-die-kollagenproduktion-nach-dem-30-lebensjahr-zu-sinken-und-was-kann-man-dagegen-tun#primaryimage"},"thumbnailUrl":"https:\/\/www.divique.com\/wp-content\/uploads\/aging_skin-scaled.jpeg","articleSection":["Unkategorisiert"],"inLanguage":"de","potentialAction":[{"@type":"CommentAction","name":"Comment","target":["https:\/\/www.divique.com\/de\/warum-beginnt-die-kollagenproduktion-nach-dem-30-lebensjahr-zu-sinken-und-was-kann-man-dagegen-tun#respond"]}]},{"@type":"WebPage","@id":"https:\/\/www.divique.com\/de\/warum-beginnt-die-kollagenproduktion-nach-dem-30-lebensjahr-zu-sinken-und-was-kann-man-dagegen-tun","url":"https:\/\/www.divique.com\/de\/warum-beginnt-die-kollagenproduktion-nach-dem-30-lebensjahr-zu-sinken-und-was-kann-man-dagegen-tun","name":"Warum beginnt die Kollagenproduktion nach dem 30. Lebensjahr zu sinken und was kann man dagegen tun - Divique.com","isPartOf":{"@id":"https:\/\/www.divique.com\/de#website"},"primaryImageOfPage":{"@id":"https:\/\/www.divique.com\/de\/warum-beginnt-die-kollagenproduktion-nach-dem-30-lebensjahr-zu-sinken-und-was-kann-man-dagegen-tun#primaryimage"},"image":{"@id":"https:\/\/www.divique.com\/de\/warum-beginnt-die-kollagenproduktion-nach-dem-30-lebensjahr-zu-sinken-und-was-kann-man-dagegen-tun#primaryimage"},"thumbnailUrl":"https:\/\/www.divique.com\/wp-content\/uploads\/aging_skin-scaled.jpeg","datePublished":"2025-08-29T16:52:04+00:00","dateModified":"2025-09-02T07:28:42+00:00","breadcrumb":{"@id":"https:\/\/www.divique.com\/de\/warum-beginnt-die-kollagenproduktion-nach-dem-30-lebensjahr-zu-sinken-und-was-kann-man-dagegen-tun#breadcrumb"},"inLanguage":"de","potentialAction":[{"@type":"ReadAction","target":["https:\/\/www.divique.com\/de\/warum-beginnt-die-kollagenproduktion-nach-dem-30-lebensjahr-zu-sinken-und-was-kann-man-dagegen-tun"]}]},{"@type":"ImageObject","inLanguage":"de","@id":"https:\/\/www.divique.com\/de\/warum-beginnt-die-kollagenproduktion-nach-dem-30-lebensjahr-zu-sinken-und-was-kann-man-dagegen-tun#primaryimage","url":"https:\/\/www.divique.com\/wp-content\/uploads\/aging_skin-scaled.jpeg","contentUrl":"https:\/\/www.divique.com\/wp-content\/uploads\/aging_skin-scaled.jpeg","width":2560,"height":1435,"caption":"Crepey Skin concept. Close-up of elderly skin showing texture and wrinkles on the cheek."},{"@type":"BreadcrumbList","@id":"https:\/\/www.divique.com\/de\/warum-beginnt-die-kollagenproduktion-nach-dem-30-lebensjahr-zu-sinken-und-was-kann-man-dagegen-tun#breadcrumb","itemListElement":[{"@type":"ListItem","position":1,"name":"Home","item":"https:\/\/www.divique.com\/de"},{"@type":"ListItem","position":2,"name":"Warum beginnt die Kollagenproduktion nach dem 30. Lebensjahr zu sinken und was kann man dagegen tun"}]},{"@type":"WebSite","@id":"https:\/\/www.divique.com\/de#website","url":"https:\/\/www.divique.com\/de","name":"Divique.com","description":"Be Divique. Kolagenov\u00e1 \u0159ada pro sebev\u011bdom\u00e9 \u017eeny. Kolagen a kyselina hyaluronov\u00e1 ve form\u011b, kter\u00e1 V\u00e1m bude vyhovovat.","publisher":{"@id":"https:\/\/www.divique.com\/de#organization"},"potentialAction":[{"@type":"SearchAction","target":{"@type":"EntryPoint","urlTemplate":"https:\/\/www.divique.com\/de?s={search_term_string}"},"query-input":{"@type":"PropertyValueSpecification","valueRequired":true,"valueName":"search_term_string"}}],"inLanguage":"de"},{"@type":"Organization","@id":"https:\/\/www.divique.com\/de#organization","name":"DIVIQUE s.r.o.","url":"https:\/\/www.divique.com\/de","logo":{"@type":"ImageObject","inLanguage":"de","@id":"https:\/\/www.divique.com\/de#\/schema\/logo\/image\/","url":"https:\/\/www.divique.com\/wp-content\/uploads\/2022\/04\/divique-logo.png","contentUrl":"https:\/\/www.divique.com\/wp-content\/uploads\/2022\/04\/divique-logo.png","width":196,"height":64,"caption":"DIVIQUE s.r.o."},"image":{"@id":"https:\/\/www.divique.com\/de#\/schema\/logo\/image\/"}},{"@type":"Person","@id":"https:\/\/www.divique.com\/de#\/schema\/person\/c6d239d6b1475a5526da61513cc0693e","name":"Jan Pulpan","image":{"@type":"ImageObject","inLanguage":"de","@id":"https:\/\/www.divique.com\/wp-content\/litespeed\/avatar\/872feb88fb911cfc0932c4a8d64a7037.jpg?ver=1777659959","url":"https:\/\/www.divique.com\/wp-content\/litespeed\/avatar\/872feb88fb911cfc0932c4a8d64a7037.jpg?ver=1777659959","contentUrl":"https:\/\/www.divique.com\/wp-content\/litespeed\/avatar\/872feb88fb911cfc0932c4a8d64a7037.jpg?ver=1777659959","caption":"Jan Pulpan"},"sameAs":["https:\/\/www.divique.com"]}]}},"_links":{"self":[{"href":"https:\/\/www.divique.com\/de\/wp-json\/wp\/v2\/posts\/3483","targetHints":{"allow":["GET"]}}],"collection":[{"href":"https:\/\/www.divique.com\/de\/wp-json\/wp\/v2\/posts"}],"about":[{"href":"https:\/\/www.divique.com\/de\/wp-json\/wp\/v2\/types\/post"}],"author":[{"embeddable":true,"href":"https:\/\/www.divique.com\/de\/wp-json\/wp\/v2\/users\/1"}],"replies":[{"embeddable":true,"href":"https:\/\/www.divique.com\/de\/wp-json\/wp\/v2\/comments?post=3483"}],"version-history":[{"count":1,"href":"https:\/\/www.divique.com\/de\/wp-json\/wp\/v2\/posts\/3483\/revisions"}],"predecessor-version":[{"id":3484,"href":"https:\/\/www.divique.com\/de\/wp-json\/wp\/v2\/posts\/3483\/revisions\/3484"}],"wp:featuredmedia":[{"embeddable":true,"href":"https:\/\/www.divique.com\/de\/wp-json\/wp\/v2\/media\/3440"}],"wp:attachment":[{"href":"https:\/\/www.divique.com\/de\/wp-json\/wp\/v2\/media?parent=3483"}],"wp:term":[{"taxonomy":"category","embeddable":true,"href":"https:\/\/www.divique.com\/de\/wp-json\/wp\/v2\/categories?post=3483"},{"taxonomy":"post_tag","embeddable":true,"href":"https:\/\/www.divique.com\/de\/wp-json\/wp\/v2\/tags?post=3483"}],"curies":[{"name":"wp","href":"https:\/\/api.w.org\/{rel}","templated":true}]}}