{"id":3431,"date":"2025-08-29T16:52:04","date_gmt":"2025-08-29T16:52:04","guid":{"rendered":"https:\/\/www.divique.com\/?p=3431"},"modified":"2025-08-29T17:36:58","modified_gmt":"2025-08-29T17:36:58","slug":"proc-po-30-zacina-klesat-produkce-kolagenu-a-co-s-tim-delat","status":"publish","type":"post","link":"https:\/\/www.divique.com\/cs\/proc-po-30-zacina-klesat-produkce-kolagenu-a-co-s-tim-delat","title":{"rendered":"Pro\u010d po 30 za\u010d\u00edn\u00e1 klesat produkce kolagenu a co s t\u00edm d\u011blat"},"content":{"rendered":"\n<p>Kolagen je b\u00edlkovina, kter\u00e1 tvo\u0159\u00ed z\u00e1kladn\u00ed stavebn\u00ed k\u00e1men na\u0161\u00ed pleti, vlas\u016f, neht\u016f i kloub\u016f. D\u00edky n\u011bmu je poko\u017eka pru\u017en\u00e1, pevn\u00e1 a mladistv\u00e1. Jen\u017ee kolem 30. roku se za\u010d\u00edn\u00e1 d\u00edt n\u011bco, \u010deho si \u010dasto v\u0161imneme p\u0159i pohledu do zrcadla \u2013 <strong>produkce kolagenu kles\u00e1<\/strong>. Pro\u010d se to d\u011bje a co s t\u00edm m\u016f\u017ee\u0161 ud\u011blat?<\/p>\n\n\n\n<figure class=\"wp-block-image size-large\"><img loading=\"lazy\" decoding=\"async\" width=\"1024\" height=\"683\" src=\"https:\/\/www.divique.com\/wp-content\/uploads\/2023\/04\/woman-mirror-1024x683.jpeg\" alt=\"\" class=\"wp-image-1194\" srcset=\"https:\/\/www.divique.com\/wp-content\/uploads\/2023\/04\/woman-mirror-1024x683.jpeg 1024w, https:\/\/www.divique.com\/wp-content\/uploads\/2023\/04\/woman-mirror-480x320.jpeg 480w, https:\/\/www.divique.com\/wp-content\/uploads\/2023\/04\/woman-mirror-640x427.jpeg 640w, https:\/\/www.divique.com\/wp-content\/uploads\/2023\/04\/woman-mirror-720x480.jpeg 720w, https:\/\/www.divique.com\/wp-content\/uploads\/2023\/04\/woman-mirror-960x641.jpeg 960w, https:\/\/www.divique.com\/wp-content\/uploads\/2023\/04\/woman-mirror-1168x779.jpeg 1168w, https:\/\/www.divique.com\/wp-content\/uploads\/2023\/04\/woman-mirror-1440x961.jpeg 1440w, https:\/\/www.divique.com\/wp-content\/uploads\/2023\/04\/woman-mirror-1920x1281.jpeg 1920w, https:\/\/www.divique.com\/wp-content\/uploads\/2023\/04\/woman-mirror-300x200.jpeg 300w, https:\/\/www.divique.com\/wp-content\/uploads\/2023\/04\/woman-mirror-768x512.jpeg 768w, https:\/\/www.divique.com\/wp-content\/uploads\/2023\/04\/woman-mirror-1536x1025.jpeg 1536w, https:\/\/www.divique.com\/wp-content\/uploads\/2023\/04\/woman-mirror-2048x1366.jpeg 2048w, https:\/\/www.divique.com\/wp-content\/uploads\/2023\/04\/woman-mirror-600x400.jpeg 600w, https:\/\/www.divique.com\/wp-content\/uploads\/2023\/04\/woman-mirror.jpeg 2500w\" sizes=\"auto, (max-width: 1024px) 100vw, 1024px\" \/><\/figure>\n\n\n\n<h2 class=\"wp-block-heading\">Pro\u010d kles\u00e1 kolagen po 30?<\/h2>\n\n\n\n<p>Kolem t\u0159ic\u00edtky se na\u0161e t\u011blo za\u010dne p\u0159irozen\u011b m\u011bnit. Zat\u00edmco v ml\u00e1d\u00ed si kolagen vyr\u00e1b\u00edme bez probl\u00e9mu sami, po 25. roce se jeho produkce postupn\u011b sni\u017euje \u2013 a po 30 u\u017e je \u00fabytek znateln\u011bj\u0161\u00ed.<\/p>\n\n\n\n<p>Hlavn\u00ed d\u016fvody:<\/p>\n\n\n\n<ul class=\"wp-block-list\">\n<li><strong>P\u0159irozen\u00e9 st\u00e1rnut\u00ed:<\/strong> bu\u0148ky zodpov\u011bdn\u00e9 za tvorbu kolagenu pracuj\u00ed pomaleji.<\/li>\n\n\n\n<li><strong>\u017divotn\u00ed styl:<\/strong> kou\u0159en\u00ed, \u010dast\u00e9 opalov\u00e1n\u00ed, stres nebo nedostatek sp\u00e1nku proces zrychluj\u00ed.<\/li>\n\n\n\n<li><strong>Nedostatek \u017eivin:<\/strong> pro tvorbu kolagenu jsou nezbytn\u00e9 aminokyseliny a vitamin C.<\/li>\n\n\n\n<li><strong>Oxida\u010dn\u00ed stres:<\/strong> voln\u00e9 radik\u00e1ly po\u0161kozuj\u00ed kolagenov\u00e1 vl\u00e1kna.<\/li>\n<\/ul>\n\n\n\n<p>V\u00fdsledkem je, \u017ee poko\u017eka postupn\u011b ztr\u00e1c\u00ed pru\u017enost, objevuj\u00ed se prvn\u00ed vr\u00e1sky a ple\u0165 p\u016fsob\u00ed unaven\u011b.<\/p>\n\n\n\n<h2 class=\"wp-block-heading\">P\u0159\u00edznaky nedostatku kolagenu<\/h2>\n\n\n\n<p>Chce\u0161 v\u011bd\u011bt, zda tv\u00e9mu t\u011blu kolagen chyb\u00ed? Mezi typick\u00e9 p\u0159\u00edznaky pat\u0159\u00ed:<\/p>\n\n\n\n<ul class=\"wp-block-list\">\n<li>jemn\u00e9 vr\u00e1sky a ochabl\u00e1 ple\u0165,<\/li>\n\n\n\n<li>suchost poko\u017eky,<\/li>\n\n\n\n<li>slab\u0161\u00ed a l\u00e1mav\u00e9 vlasy,<\/li>\n\n\n\n<li>t\u0159ep\u00edc\u00ed se nehty,<\/li>\n\n\n\n<li>bolest kloub\u016f nebo hor\u0161\u00ed regenerace po sportu.<\/li>\n<\/ul>\n\n\n\n<figure class=\"wp-block-image size-large\"><img loading=\"lazy\" decoding=\"async\" width=\"1024\" height=\"683\" src=\"https:\/\/www.divique.com\/wp-content\/uploads\/woman_looking_into_mirror-1024x683.jpeg\" alt=\"\" class=\"wp-image-3468\" srcset=\"https:\/\/www.divique.com\/wp-content\/uploads\/woman_looking_into_mirror-1024x683.jpeg 1024w, https:\/\/www.divique.com\/wp-content\/uploads\/woman_looking_into_mirror-300x200.jpeg 300w, https:\/\/www.divique.com\/wp-content\/uploads\/woman_looking_into_mirror-768x512.jpeg 768w, https:\/\/www.divique.com\/wp-content\/uploads\/woman_looking_into_mirror-1536x1024.jpeg 1536w, https:\/\/www.divique.com\/wp-content\/uploads\/woman_looking_into_mirror-2048x1365.jpeg 2048w, https:\/\/www.divique.com\/wp-content\/uploads\/woman_looking_into_mirror-480x320.jpeg 480w, https:\/\/www.divique.com\/wp-content\/uploads\/woman_looking_into_mirror-640x427.jpeg 640w, https:\/\/www.divique.com\/wp-content\/uploads\/woman_looking_into_mirror-720x480.jpeg 720w, https:\/\/www.divique.com\/wp-content\/uploads\/woman_looking_into_mirror-960x640.jpeg 960w, https:\/\/www.divique.com\/wp-content\/uploads\/woman_looking_into_mirror-1168x779.jpeg 1168w, https:\/\/www.divique.com\/wp-content\/uploads\/woman_looking_into_mirror-1440x960.jpeg 1440w, https:\/\/www.divique.com\/wp-content\/uploads\/woman_looking_into_mirror-1920x1280.jpeg 1920w, https:\/\/www.divique.com\/wp-content\/uploads\/woman_looking_into_mirror-600x400.jpeg 600w, https:\/\/www.divique.com\/wp-content\/uploads\/woman_looking_into_mirror-scaled.jpeg 2560w\" sizes=\"auto, (max-width: 1024px) 100vw, 1024px\" \/><\/figure>\n\n\n\n<h2 class=\"wp-block-heading\">Jak podpo\u0159it tvorbu kolagenu<\/h2>\n\n\n\n<p>Dobrou zpr\u00e1vou je, \u017ee \u00fabytek kolagenu nemus\u00ed\u0161 jen pasivn\u011b sledovat. Existuje n\u011bkolik cest, jak m\u016f\u017ee\u0161 jeho tvorbu podpo\u0159it a zlep\u0161it t\u00edm vzhled sv\u00e9 pleti.<\/p>\n\n\n\n<h3 class=\"wp-block-heading\">1. Strava bohat\u00e1 na b\u00edlkoviny a vitam\u00edn C<\/h3>\n\n\n\n<p>Kolagen vznik\u00e1 z aminokyselin (glycin, prolin, hydroxyprolin), kter\u00e9 z\u00edsk\u00e1\u0161 hlavn\u011b z b\u00edlkovin. D\u016fle\u017eitou roli hraje vitam\u00edn C, bez kter\u00e9ho t\u011blo kolagen v\u016fbec neum\u00ed syntetizovat.<\/p>\n\n\n\n<ul class=\"wp-block-list\">\n<li>Za\u0159a\u010f do j\u00eddeln\u00ed\u010dku: libov\u00e9 maso, ryby, vejce, citrusy, papriky, brokolici.<\/li>\n<\/ul>\n\n\n\n<h3 class=\"wp-block-heading\">2. Dopl\u0148ky kolagenu po 30<\/h3>\n\n\n\n<p>Pokud chce\u0161 m\u00edt jistotu, \u017ee t\u011blo dostane dostatek stavebn\u00edch l\u00e1tek, s\u00e1hni po <a href=\"https:\/\/www.divique.com\/cs\/shop\">kolagenov\u00fdch dopl\u0148c\u00edch<\/a>. Nejlep\u0161\u00ed kolagen po 30 letech je <a href=\"https:\/\/www.divique.com\/cs\/produkt\/divique-multi-collagen\">hydrolyzovan\u00fd kolagen<\/a>, kter\u00fd se dob\u0159e vst\u0159eb\u00e1v\u00e1.<\/p>\n\n\n\n<ul class=\"wp-block-list\">\n<li>Obl\u00edben\u00e9 jsou formy kolagenu: <a href=\"https:\/\/www.divique.com\/cs\/produkt\/divique-multi-collagen\">kolagenov\u00fd pr\u00e1\u0161ek<\/a>, <a href=\"https:\/\/www.divique.com\/cs\/produkt\/divique-collagen-hyaluron-shots\">tekut\u00fd kolagen v ampul\u00edch<\/a>, <a href=\"https:\/\/www.divique.com\/cs\/produkt\/divique-collagen-hyaluron\">kapsle s kolagenem<\/a>.<\/li>\n<\/ul>\n\n\n\n<h3 class=\"wp-block-heading\">3. Vitam\u00edn C a kolagen<\/h3>\n\n\n\n<p>Pokud u\u017e\u00edv\u00e1\u0161 kolagen, nezapome\u0148 ho kombinovat pr\u00e1v\u011b s <a href=\"https:\/\/www.divique.com\/cs\/produkt\/divique-vitamin-c\">vitam\u00ednem C<\/a>. Bez n\u011bj by t\u011blo nemohlo kolagen z dopl\u0148k\u016f vyu\u017e\u00edt na maximum. Nap\u0159\u00edklad tropick\u00e9 ovoce Camu Camu, poch\u00e1zej\u00edc\u00ed z Amazonie, je v\u00fdborn\u00fd rostlinn\u00fd zdroj vitam\u00ednu C.<\/p>\n\n\n\n<h3 class=\"wp-block-heading\">4. Estetick\u00e9 procedury<\/h3>\n\n\n\n<p>Kdo chce intenzivn\u011bj\u0161\u00ed efekt, m\u016f\u017ee zvolit i procedury, kter\u00e9 stimuluj\u00ed tvorbu kolagenu p\u0159\u00edmo v pleti:<\/p>\n\n\n\n<ul class=\"wp-block-list\">\n<li>microneedling,<\/li>\n\n\n\n<li>laserov\u00e9 o\u0161et\u0159en\u00ed,<\/li>\n\n\n\n<li>radiofrekvence.<\/li>\n<\/ul>\n\n\n\n<h3 class=\"wp-block-heading\">5. \u017divotn\u00ed styl<\/h3>\n\n\n\n<p>Nepodce\u0148uj vliv \u017eivotn\u00edho stylu na obsah kolagenu v tv\u00e9m t\u011ble. Zkus omezit kou\u0159en\u00ed, chra\u0148 ple\u0165 p\u0159ed UV z\u00e1\u0159en\u00edm, dostate\u010dn\u011b spi a dop\u0159ej si pravideln\u00fd pohyb.<\/p>\n\n\n\n<figure class=\"wp-block-image size-large\"><img loading=\"lazy\" decoding=\"async\" width=\"1024\" height=\"683\" src=\"https:\/\/www.divique.com\/wp-content\/uploads\/beauty-generation-1024x683.jpg\" alt=\"\" class=\"wp-image-1429\" srcset=\"https:\/\/www.divique.com\/wp-content\/uploads\/beauty-generation-1024x683.jpg 1024w, https:\/\/www.divique.com\/wp-content\/uploads\/beauty-generation-300x200.jpg 300w, https:\/\/www.divique.com\/wp-content\/uploads\/beauty-generation-768x512.jpg 768w, https:\/\/www.divique.com\/wp-content\/uploads\/beauty-generation-1536x1025.jpg 1536w, https:\/\/www.divique.com\/wp-content\/uploads\/beauty-generation-2048x1366.jpg 2048w, https:\/\/www.divique.com\/wp-content\/uploads\/beauty-generation-480x320.jpg 480w, https:\/\/www.divique.com\/wp-content\/uploads\/beauty-generation-640x427.jpg 640w, https:\/\/www.divique.com\/wp-content\/uploads\/beauty-generation-720x480.jpg 720w, https:\/\/www.divique.com\/wp-content\/uploads\/beauty-generation-960x641.jpg 960w, https:\/\/www.divique.com\/wp-content\/uploads\/beauty-generation-1168x779.jpg 1168w, https:\/\/www.divique.com\/wp-content\/uploads\/beauty-generation-1440x961.jpg 1440w, https:\/\/www.divique.com\/wp-content\/uploads\/beauty-generation-1920x1281.jpg 1920w, https:\/\/www.divique.com\/wp-content\/uploads\/beauty-generation-600x400.jpg 600w, https:\/\/www.divique.com\/wp-content\/uploads\/beauty-generation.jpg 2500w\" sizes=\"auto, (max-width: 1024px) 100vw, 1024px\" \/><\/figure>\n\n\n\n<h2 class=\"wp-block-heading\">Kolagen a st\u00e1rnut\u00ed pleti<\/h2>\n\n\n\n<p>Kolagen je \u00fazce spojen\u00fd se st\u00e1rnut\u00edm pleti. Kdy\u017e ho je dostatek, ple\u0165 je pevn\u00e1 a z\u00e1\u0159iv\u00e1. Kdy\u017e chyb\u00ed, vznikaj\u00ed vr\u00e1sky, ztr\u00e1c\u00ed se objem a ple\u0165 p\u016fsob\u00ed povadle. Proto je d\u016fle\u017eit\u00e9 za\u010d\u00edt se o dopln\u011bn\u00ed kolagenu starat v\u010das, d\u0159\u00edve ne\u017e se tyto projevy dostav\u00ed. A to nejen pomoc\u00ed kosmetiky, ale hlavn\u011b zevnit\u0159.<\/p>\n\n\n\n<h2 class=\"wp-block-heading\">Kolagenov\u00e9 s\u00e9rum vs dopl\u0148ky<\/h2>\n\n\n\n<p>Mo\u017en\u00e1 t\u011b napadlo, jestli sta\u010d\u00ed pou\u017e\u00edvat s\u00e9rum s kolagenem. Bohu\u017eel \u2013 kolagenov\u00e1 molekula je p\u0159\u00edli\u0161 velk\u00e1, aby pronikla do hlub\u0161\u00edch vrstev k\u016f\u017ee. S\u00e9rum m\u016f\u017ee ple\u0165 hydratovat a dodat j\u00ed pru\u017en\u011bj\u0161\u00ed vzhled, ale pro opravdov\u00fd efekt je pot\u0159eba kolagen dopl\u0148ovat vnit\u0159n\u011b.<\/p>\n\n\n\n<h2 class=\"wp-block-heading\">Kdy za\u010d\u00edt u\u017e\u00edvat kolagen?<\/h2>\n\n\n\n<p>Mnoho \u017een \u010dek\u00e1 a\u017e na prvn\u00ed vr\u00e1sky, ale pravdou je, \u017ee s u\u017e\u00edv\u00e1n\u00edm kolagenu je nejlep\u0161\u00ed za\u010d\u00edt u\u017e kolem 25\u201330 let. T\u011blo ho tehdy sice st\u00e1le produkuje, ale u\u017e m\u00e9n\u011b ne\u017e d\u0159\u00edve. V\u010dasn\u00e1 prevence ti pom\u016f\u017ee odd\u00e1lit viditeln\u00e9 projevy st\u00e1rnut\u00ed.<\/p>\n\n\n\n<h2 class=\"wp-block-heading\">Shrnut\u00ed: co d\u011blat, kdy\u017e kles\u00e1 kolagen po 30?<\/h2>\n\n\n\n<ul class=\"wp-block-list\">\n<li>Za\u0159a\u010f do j\u00eddeln\u00ed\u010dku kvalitn\u00ed b\u00edlkoviny a vitam\u00edn C.<\/li>\n\n\n\n<li>Vyhni se n\u00e1vyk\u016fm, kter\u00e9 kolagen ni\u010d\u00ed (kou\u0159en\u00ed, slunce bez ochrany).<\/li>\n\n\n\n<li>Podpo\u0159 t\u011blo kvalitn\u00edmi kolagenov\u00fdmi dopl\u0148ky.<\/li>\n\n\n\n<li>Kombinuj kolagen s vitam\u00ednem C pro lep\u0161\u00ed vst\u0159ebatelnost.<\/li>\n\n\n\n<li>Pokud chce\u0161 intenzivn\u011bj\u0161\u00ed efekt, zva\u017e estetick\u00e9 procedury.<\/li>\n<\/ul>\n\n\n\n<p>N\u00edzk\u00fd obsah kolagenu po 30 nen\u00ed \u017e\u00e1dn\u00fd stra\u0161\u00e1k \u2013 naopak, kdy\u017e se o jeho hladinu bude\u0161 starat a pravideln\u011b ji dopl\u0148ovat, m\u016f\u017ee\u0161 v\u00fdrazn\u011b podpo\u0159it kr\u00e1su a vitalitu sv\u00e9 pleti.<\/p>\n\n\n\n<hr class=\"wp-block-separator has-alpha-channel-opacity\"\/>\n\n\n\n<p>\ud83d\udc49 Tip na z\u00e1v\u011br: Na <a href=\"http:\/\/www.divique.com?utm_source=chatgpt.com\">www.divique.com<\/a> najde\u0161 kolagenov\u00e9 dopl\u0148ky, kter\u00e9 byly vyvinuty speci\u00e1ln\u011b pro \u017eeny, kter\u00e9 cht\u011bj\u00ed podpo\u0159it svoji kr\u00e1su a zdrav\u00ed p\u0159irozenou cestou.<\/p>\n","protected":false},"excerpt":{"rendered":"<p>Kolagen je b\u00edlkovina, kter\u00e1 tvo\u0159\u00ed z\u00e1kladn\u00ed stavebn\u00ed k\u00e1men na\u0161\u00ed pleti, vlas\u016f, neht\u016f i kloub\u016f. D\u00edky n\u011bmu je poko\u017eka pru\u017en\u00e1, pevn\u00e1 a mladistv\u00e1. Jen\u017ee kolem 30. roku se za\u010d\u00edn\u00e1 d\u00edt n\u011bco, \u010deho si \u010dasto v\u0161imneme p\u0159i pohledu do zrcadla \u2013 produkce kolagenu kles\u00e1. Pro\u010d se to...<\/p>\n","protected":false},"author":1,"featured_media":3437,"comment_status":"open","ping_status":"open","sticky":false,"template":"","format":"standard","meta":{"_acf_changed":false,"footnotes":""},"categories":[19],"tags":[],"class_list":["post-3431","post","type-post","status-publish","format-standard","has-post-thumbnail","hentry","category-uncategorized-cs"],"acf":[],"yoast_head":"<!-- This site is optimized with the Yoast SEO plugin v27.5 - https:\/\/yoast.com\/product\/yoast-seo-wordpress\/ -->\n<title>Pro\u010d po 30 za\u010d\u00edn\u00e1 klesat produkce kolagenu a co s t\u00edm d\u011blat - Be Divique - podpo\u0159 svou kr\u00e1su zevnit\u0159<\/title>\n<meta name=\"robots\" content=\"index, follow, max-snippet:-1, max-image-preview:large, max-video-preview:-1\" \/>\n<link rel=\"canonical\" href=\"https:\/\/www.divique.com\/cs\/proc-po-30-zacina-klesat-produkce-kolagenu-a-co-s-tim-delat\" \/>\n<meta property=\"og:locale\" content=\"cs_CZ\" \/>\n<meta property=\"og:type\" content=\"article\" \/>\n<meta property=\"og:title\" content=\"Pro\u010d po 30 za\u010d\u00edn\u00e1 klesat produkce kolagenu a co s t\u00edm d\u011blat - Be Divique - podpo\u0159 svou kr\u00e1su zevnit\u0159\" \/>\n<meta property=\"og:description\" content=\"Kolagen je b\u00edlkovina, kter\u00e1 tvo\u0159\u00ed z\u00e1kladn\u00ed stavebn\u00ed k\u00e1men na\u0161\u00ed pleti, vlas\u016f, neht\u016f i kloub\u016f. D\u00edky n\u011bmu je poko\u017eka pru\u017en\u00e1, pevn\u00e1 a mladistv\u00e1. Jen\u017ee kolem 30. roku se za\u010d\u00edn\u00e1 d\u00edt n\u011bco, \u010deho si \u010dasto v\u0161imneme p\u0159i pohledu do zrcadla \u2013 produkce kolagenu kles\u00e1. Pro\u010d se to...\" \/>\n<meta property=\"og:url\" content=\"https:\/\/www.divique.com\/cs\/proc-po-30-zacina-klesat-produkce-kolagenu-a-co-s-tim-delat\" \/>\n<meta property=\"og:site_name\" content=\"Be Divique - podpo\u0159 svou kr\u00e1su zevnit\u0159\" \/>\n<meta property=\"article:published_time\" content=\"2025-08-29T16:52:04+00:00\" \/>\n<meta property=\"article:modified_time\" content=\"2025-08-29T17:36:58+00:00\" \/>\n<meta property=\"og:image\" content=\"https:\/\/www.divique.com\/wp-content\/uploads\/aging_skin-scaled.jpeg\" \/>\n\t<meta property=\"og:image:width\" content=\"2560\" \/>\n\t<meta property=\"og:image:height\" content=\"1435\" \/>\n\t<meta property=\"og:image:type\" content=\"image\/jpeg\" \/>\n<meta name=\"author\" content=\"Jan Pulpan\" \/>\n<meta name=\"twitter:card\" content=\"summary_large_image\" \/>\n<meta name=\"twitter:label1\" content=\"Napsal(a)\" \/>\n\t<meta name=\"twitter:data1\" content=\"Jan Pulpan\" \/>\n\t<meta name=\"twitter:label2\" content=\"Odhadovan\u00e1 doba \u010dten\u00ed\" \/>\n\t<meta name=\"twitter:data2\" content=\"5 minut\" \/>\n<script type=\"application\/ld+json\" class=\"yoast-schema-graph\">{\"@context\":\"https:\\\/\\\/schema.org\",\"@graph\":[{\"@type\":\"Article\",\"@id\":\"https:\\\/\\\/www.divique.com\\\/cs\\\/proc-po-30-zacina-klesat-produkce-kolagenu-a-co-s-tim-delat#article\",\"isPartOf\":{\"@id\":\"https:\\\/\\\/www.divique.com\\\/cs\\\/proc-po-30-zacina-klesat-produkce-kolagenu-a-co-s-tim-delat\"},\"author\":{\"name\":\"Jan Pulpan\",\"@id\":\"https:\\\/\\\/www.divique.com\\\/cs\\\/#\\\/schema\\\/person\\\/c6d239d6b1475a5526da61513cc0693e\"},\"headline\":\"Pro\u010d po 30 za\u010d\u00edn\u00e1 klesat produkce kolagenu a co s t\u00edm d\u011blat\",\"datePublished\":\"2025-08-29T16:52:04+00:00\",\"dateModified\":\"2025-08-29T17:36:58+00:00\",\"mainEntityOfPage\":{\"@id\":\"https:\\\/\\\/www.divique.com\\\/cs\\\/proc-po-30-zacina-klesat-produkce-kolagenu-a-co-s-tim-delat\"},\"wordCount\":821,\"commentCount\":0,\"publisher\":{\"@id\":\"https:\\\/\\\/www.divique.com\\\/cs\\\/#organization\"},\"image\":{\"@id\":\"https:\\\/\\\/www.divique.com\\\/cs\\\/proc-po-30-zacina-klesat-produkce-kolagenu-a-co-s-tim-delat#primaryimage\"},\"thumbnailUrl\":\"https:\\\/\\\/www.divique.com\\\/wp-content\\\/uploads\\\/aging_skin-scaled.jpeg\",\"articleSection\":[\"Uncategorized @cs\"],\"inLanguage\":\"cs\",\"potentialAction\":[{\"@type\":\"CommentAction\",\"name\":\"Comment\",\"target\":[\"https:\\\/\\\/www.divique.com\\\/cs\\\/proc-po-30-zacina-klesat-produkce-kolagenu-a-co-s-tim-delat#respond\"]}]},{\"@type\":\"WebPage\",\"@id\":\"https:\\\/\\\/www.divique.com\\\/cs\\\/proc-po-30-zacina-klesat-produkce-kolagenu-a-co-s-tim-delat\",\"url\":\"https:\\\/\\\/www.divique.com\\\/cs\\\/proc-po-30-zacina-klesat-produkce-kolagenu-a-co-s-tim-delat\",\"name\":\"Pro\u010d po 30 za\u010d\u00edn\u00e1 klesat produkce kolagenu a co s t\u00edm d\u011blat - Be Divique - podpo\u0159 svou kr\u00e1su zevnit\u0159\",\"isPartOf\":{\"@id\":\"https:\\\/\\\/www.divique.com\\\/cs\\\/#website\"},\"primaryImageOfPage\":{\"@id\":\"https:\\\/\\\/www.divique.com\\\/cs\\\/proc-po-30-zacina-klesat-produkce-kolagenu-a-co-s-tim-delat#primaryimage\"},\"image\":{\"@id\":\"https:\\\/\\\/www.divique.com\\\/cs\\\/proc-po-30-zacina-klesat-produkce-kolagenu-a-co-s-tim-delat#primaryimage\"},\"thumbnailUrl\":\"https:\\\/\\\/www.divique.com\\\/wp-content\\\/uploads\\\/aging_skin-scaled.jpeg\",\"datePublished\":\"2025-08-29T16:52:04+00:00\",\"dateModified\":\"2025-08-29T17:36:58+00:00\",\"breadcrumb\":{\"@id\":\"https:\\\/\\\/www.divique.com\\\/cs\\\/proc-po-30-zacina-klesat-produkce-kolagenu-a-co-s-tim-delat#breadcrumb\"},\"inLanguage\":\"cs\",\"potentialAction\":[{\"@type\":\"ReadAction\",\"target\":[\"https:\\\/\\\/www.divique.com\\\/cs\\\/proc-po-30-zacina-klesat-produkce-kolagenu-a-co-s-tim-delat\"]}]},{\"@type\":\"ImageObject\",\"inLanguage\":\"cs\",\"@id\":\"https:\\\/\\\/www.divique.com\\\/cs\\\/proc-po-30-zacina-klesat-produkce-kolagenu-a-co-s-tim-delat#primaryimage\",\"url\":\"https:\\\/\\\/www.divique.com\\\/wp-content\\\/uploads\\\/aging_skin-scaled.jpeg\",\"contentUrl\":\"https:\\\/\\\/www.divique.com\\\/wp-content\\\/uploads\\\/aging_skin-scaled.jpeg\",\"width\":2560,\"height\":1435,\"caption\":\"aging skin\"},{\"@type\":\"BreadcrumbList\",\"@id\":\"https:\\\/\\\/www.divique.com\\\/cs\\\/proc-po-30-zacina-klesat-produkce-kolagenu-a-co-s-tim-delat#breadcrumb\",\"itemListElement\":[{\"@type\":\"ListItem\",\"position\":1,\"name\":\"Home\",\"item\":\"https:\\\/\\\/www.divique.com\\\/cs\"},{\"@type\":\"ListItem\",\"position\":2,\"name\":\"Pro\u010d po 30 za\u010d\u00edn\u00e1 klesat produkce kolagenu a co s t\u00edm d\u011blat\"}]},{\"@type\":\"WebSite\",\"@id\":\"https:\\\/\\\/www.divique.com\\\/cs\\\/#website\",\"url\":\"https:\\\/\\\/www.divique.com\\\/cs\\\/\",\"name\":\"Be Divique - podpo\u0159 svou kr\u00e1su zevnit\u0159\",\"description\":\"Be Divique. Kolagenov\u00e1 \u0159ada pro sebev\u011bdom\u00e9 \u017eeny. Kolagen a kyselina hyaluronov\u00e1 ve form\u011b, kter\u00e1 V\u00e1m bude vyhovovat.\",\"publisher\":{\"@id\":\"https:\\\/\\\/www.divique.com\\\/cs\\\/#organization\"},\"potentialAction\":[{\"@type\":\"SearchAction\",\"target\":{\"@type\":\"EntryPoint\",\"urlTemplate\":\"https:\\\/\\\/www.divique.com\\\/cs\\\/?s={search_term_string}\"},\"query-input\":{\"@type\":\"PropertyValueSpecification\",\"valueRequired\":true,\"valueName\":\"search_term_string\"}}],\"inLanguage\":\"cs\"},{\"@type\":\"Organization\",\"@id\":\"https:\\\/\\\/www.divique.com\\\/cs\\\/#organization\",\"name\":\"DIVIQUE s.r.o.\",\"url\":\"https:\\\/\\\/www.divique.com\\\/cs\\\/\",\"logo\":{\"@type\":\"ImageObject\",\"inLanguage\":\"cs\",\"@id\":\"https:\\\/\\\/www.divique.com\\\/cs\\\/#\\\/schema\\\/logo\\\/image\\\/\",\"url\":\"https:\\\/\\\/www.divique.com\\\/wp-content\\\/uploads\\\/2022\\\/04\\\/divique-logo.png\",\"contentUrl\":\"https:\\\/\\\/www.divique.com\\\/wp-content\\\/uploads\\\/2022\\\/04\\\/divique-logo.png\",\"width\":196,\"height\":64,\"caption\":\"DIVIQUE s.r.o.\"},\"image\":{\"@id\":\"https:\\\/\\\/www.divique.com\\\/cs\\\/#\\\/schema\\\/logo\\\/image\\\/\"}},{\"@type\":\"Person\",\"@id\":\"https:\\\/\\\/www.divique.com\\\/cs\\\/#\\\/schema\\\/person\\\/c6d239d6b1475a5526da61513cc0693e\",\"name\":\"Jan Pulpan\",\"image\":{\"@type\":\"ImageObject\",\"inLanguage\":\"cs\",\"@id\":\"https:\\\/\\\/www.divique.com\\\/wp-content\\\/litespeed\\\/avatar\\\/872feb88fb911cfc0932c4a8d64a7037.jpg?ver=1777659959\",\"url\":\"https:\\\/\\\/www.divique.com\\\/wp-content\\\/litespeed\\\/avatar\\\/872feb88fb911cfc0932c4a8d64a7037.jpg?ver=1777659959\",\"contentUrl\":\"https:\\\/\\\/www.divique.com\\\/wp-content\\\/litespeed\\\/avatar\\\/872feb88fb911cfc0932c4a8d64a7037.jpg?ver=1777659959\",\"caption\":\"Jan Pulpan\"},\"sameAs\":[\"https:\\\/\\\/www.divique.com\"]}]}<\/script>\n<!-- \/ Yoast SEO plugin. -->","yoast_head_json":{"title":"Pro\u010d po 30 za\u010d\u00edn\u00e1 klesat produkce kolagenu a co s t\u00edm d\u011blat - Be Divique - podpo\u0159 svou kr\u00e1su zevnit\u0159","robots":{"index":"index","follow":"follow","max-snippet":"max-snippet:-1","max-image-preview":"max-image-preview:large","max-video-preview":"max-video-preview:-1"},"canonical":"https:\/\/www.divique.com\/cs\/proc-po-30-zacina-klesat-produkce-kolagenu-a-co-s-tim-delat","og_locale":"cs_CZ","og_type":"article","og_title":"Pro\u010d po 30 za\u010d\u00edn\u00e1 klesat produkce kolagenu a co s t\u00edm d\u011blat - Be Divique - podpo\u0159 svou kr\u00e1su zevnit\u0159","og_description":"Kolagen je b\u00edlkovina, kter\u00e1 tvo\u0159\u00ed z\u00e1kladn\u00ed stavebn\u00ed k\u00e1men na\u0161\u00ed pleti, vlas\u016f, neht\u016f i kloub\u016f. D\u00edky n\u011bmu je poko\u017eka pru\u017en\u00e1, pevn\u00e1 a mladistv\u00e1. Jen\u017ee kolem 30. roku se za\u010d\u00edn\u00e1 d\u00edt n\u011bco, \u010deho si \u010dasto v\u0161imneme p\u0159i pohledu do zrcadla \u2013 produkce kolagenu kles\u00e1. Pro\u010d se to...","og_url":"https:\/\/www.divique.com\/cs\/proc-po-30-zacina-klesat-produkce-kolagenu-a-co-s-tim-delat","og_site_name":"Be Divique - podpo\u0159 svou kr\u00e1su zevnit\u0159","article_published_time":"2025-08-29T16:52:04+00:00","article_modified_time":"2025-08-29T17:36:58+00:00","og_image":[{"width":2560,"height":1435,"url":"https:\/\/www.divique.com\/wp-content\/uploads\/aging_skin-scaled.jpeg","type":"image\/jpeg"}],"author":"Jan Pulpan","twitter_card":"summary_large_image","twitter_misc":{"Napsal(a)":"Jan Pulpan","Odhadovan\u00e1 doba \u010dten\u00ed":"5 minut"},"schema":{"@context":"https:\/\/schema.org","@graph":[{"@type":"Article","@id":"https:\/\/www.divique.com\/cs\/proc-po-30-zacina-klesat-produkce-kolagenu-a-co-s-tim-delat#article","isPartOf":{"@id":"https:\/\/www.divique.com\/cs\/proc-po-30-zacina-klesat-produkce-kolagenu-a-co-s-tim-delat"},"author":{"name":"Jan Pulpan","@id":"https:\/\/www.divique.com\/cs\/#\/schema\/person\/c6d239d6b1475a5526da61513cc0693e"},"headline":"Pro\u010d po 30 za\u010d\u00edn\u00e1 klesat produkce kolagenu a co s t\u00edm d\u011blat","datePublished":"2025-08-29T16:52:04+00:00","dateModified":"2025-08-29T17:36:58+00:00","mainEntityOfPage":{"@id":"https:\/\/www.divique.com\/cs\/proc-po-30-zacina-klesat-produkce-kolagenu-a-co-s-tim-delat"},"wordCount":821,"commentCount":0,"publisher":{"@id":"https:\/\/www.divique.com\/cs\/#organization"},"image":{"@id":"https:\/\/www.divique.com\/cs\/proc-po-30-zacina-klesat-produkce-kolagenu-a-co-s-tim-delat#primaryimage"},"thumbnailUrl":"https:\/\/www.divique.com\/wp-content\/uploads\/aging_skin-scaled.jpeg","articleSection":["Uncategorized @cs"],"inLanguage":"cs","potentialAction":[{"@type":"CommentAction","name":"Comment","target":["https:\/\/www.divique.com\/cs\/proc-po-30-zacina-klesat-produkce-kolagenu-a-co-s-tim-delat#respond"]}]},{"@type":"WebPage","@id":"https:\/\/www.divique.com\/cs\/proc-po-30-zacina-klesat-produkce-kolagenu-a-co-s-tim-delat","url":"https:\/\/www.divique.com\/cs\/proc-po-30-zacina-klesat-produkce-kolagenu-a-co-s-tim-delat","name":"Pro\u010d po 30 za\u010d\u00edn\u00e1 klesat produkce kolagenu a co s t\u00edm d\u011blat - Be Divique - podpo\u0159 svou kr\u00e1su zevnit\u0159","isPartOf":{"@id":"https:\/\/www.divique.com\/cs\/#website"},"primaryImageOfPage":{"@id":"https:\/\/www.divique.com\/cs\/proc-po-30-zacina-klesat-produkce-kolagenu-a-co-s-tim-delat#primaryimage"},"image":{"@id":"https:\/\/www.divique.com\/cs\/proc-po-30-zacina-klesat-produkce-kolagenu-a-co-s-tim-delat#primaryimage"},"thumbnailUrl":"https:\/\/www.divique.com\/wp-content\/uploads\/aging_skin-scaled.jpeg","datePublished":"2025-08-29T16:52:04+00:00","dateModified":"2025-08-29T17:36:58+00:00","breadcrumb":{"@id":"https:\/\/www.divique.com\/cs\/proc-po-30-zacina-klesat-produkce-kolagenu-a-co-s-tim-delat#breadcrumb"},"inLanguage":"cs","potentialAction":[{"@type":"ReadAction","target":["https:\/\/www.divique.com\/cs\/proc-po-30-zacina-klesat-produkce-kolagenu-a-co-s-tim-delat"]}]},{"@type":"ImageObject","inLanguage":"cs","@id":"https:\/\/www.divique.com\/cs\/proc-po-30-zacina-klesat-produkce-kolagenu-a-co-s-tim-delat#primaryimage","url":"https:\/\/www.divique.com\/wp-content\/uploads\/aging_skin-scaled.jpeg","contentUrl":"https:\/\/www.divique.com\/wp-content\/uploads\/aging_skin-scaled.jpeg","width":2560,"height":1435,"caption":"aging skin"},{"@type":"BreadcrumbList","@id":"https:\/\/www.divique.com\/cs\/proc-po-30-zacina-klesat-produkce-kolagenu-a-co-s-tim-delat#breadcrumb","itemListElement":[{"@type":"ListItem","position":1,"name":"Home","item":"https:\/\/www.divique.com\/cs"},{"@type":"ListItem","position":2,"name":"Pro\u010d po 30 za\u010d\u00edn\u00e1 klesat produkce kolagenu a co s t\u00edm d\u011blat"}]},{"@type":"WebSite","@id":"https:\/\/www.divique.com\/cs\/#website","url":"https:\/\/www.divique.com\/cs\/","name":"Be Divique - podpo\u0159 svou kr\u00e1su zevnit\u0159","description":"Be Divique. Kolagenov\u00e1 \u0159ada pro sebev\u011bdom\u00e9 \u017eeny. Kolagen a kyselina hyaluronov\u00e1 ve form\u011b, kter\u00e1 V\u00e1m bude vyhovovat.","publisher":{"@id":"https:\/\/www.divique.com\/cs\/#organization"},"potentialAction":[{"@type":"SearchAction","target":{"@type":"EntryPoint","urlTemplate":"https:\/\/www.divique.com\/cs\/?s={search_term_string}"},"query-input":{"@type":"PropertyValueSpecification","valueRequired":true,"valueName":"search_term_string"}}],"inLanguage":"cs"},{"@type":"Organization","@id":"https:\/\/www.divique.com\/cs\/#organization","name":"DIVIQUE s.r.o.","url":"https:\/\/www.divique.com\/cs\/","logo":{"@type":"ImageObject","inLanguage":"cs","@id":"https:\/\/www.divique.com\/cs\/#\/schema\/logo\/image\/","url":"https:\/\/www.divique.com\/wp-content\/uploads\/2022\/04\/divique-logo.png","contentUrl":"https:\/\/www.divique.com\/wp-content\/uploads\/2022\/04\/divique-logo.png","width":196,"height":64,"caption":"DIVIQUE s.r.o."},"image":{"@id":"https:\/\/www.divique.com\/cs\/#\/schema\/logo\/image\/"}},{"@type":"Person","@id":"https:\/\/www.divique.com\/cs\/#\/schema\/person\/c6d239d6b1475a5526da61513cc0693e","name":"Jan Pulpan","image":{"@type":"ImageObject","inLanguage":"cs","@id":"https:\/\/www.divique.com\/wp-content\/litespeed\/avatar\/872feb88fb911cfc0932c4a8d64a7037.jpg?ver=1777659959","url":"https:\/\/www.divique.com\/wp-content\/litespeed\/avatar\/872feb88fb911cfc0932c4a8d64a7037.jpg?ver=1777659959","contentUrl":"https:\/\/www.divique.com\/wp-content\/litespeed\/avatar\/872feb88fb911cfc0932c4a8d64a7037.jpg?ver=1777659959","caption":"Jan Pulpan"},"sameAs":["https:\/\/www.divique.com"]}]}},"_links":{"self":[{"href":"https:\/\/www.divique.com\/cs\/wp-json\/wp\/v2\/posts\/3431","targetHints":{"allow":["GET"]}}],"collection":[{"href":"https:\/\/www.divique.com\/cs\/wp-json\/wp\/v2\/posts"}],"about":[{"href":"https:\/\/www.divique.com\/cs\/wp-json\/wp\/v2\/types\/post"}],"author":[{"embeddable":true,"href":"https:\/\/www.divique.com\/cs\/wp-json\/wp\/v2\/users\/1"}],"replies":[{"embeddable":true,"href":"https:\/\/www.divique.com\/cs\/wp-json\/wp\/v2\/comments?post=3431"}],"version-history":[{"count":10,"href":"https:\/\/www.divique.com\/cs\/wp-json\/wp\/v2\/posts\/3431\/revisions"}],"predecessor-version":[{"id":3475,"href":"https:\/\/www.divique.com\/cs\/wp-json\/wp\/v2\/posts\/3431\/revisions\/3475"}],"wp:featuredmedia":[{"embeddable":true,"href":"https:\/\/www.divique.com\/cs\/wp-json\/wp\/v2\/media\/3437"}],"wp:attachment":[{"href":"https:\/\/www.divique.com\/cs\/wp-json\/wp\/v2\/media?parent=3431"}],"wp:term":[{"taxonomy":"category","embeddable":true,"href":"https:\/\/www.divique.com\/cs\/wp-json\/wp\/v2\/categories?post=3431"},{"taxonomy":"post_tag","embeddable":true,"href":"https:\/\/www.divique.com\/cs\/wp-json\/wp\/v2\/tags?post=3431"}],"curies":[{"name":"wp","href":"https:\/\/api.w.org\/{rel}","templated":true}]}}