{"id":1860,"date":"2025-06-02T20:19:39","date_gmt":"2025-06-02T20:19:39","guid":{"rendered":"https:\/\/www.divique.com\/?p=1860"},"modified":"2025-06-02T20:41:13","modified_gmt":"2025-06-02T20:41:13","slug":"vitamin-c-z-camu-camu-prirodni-podpora-pro-tvou-beauty-rutinu","status":"publish","type":"post","link":"https:\/\/www.divique.com\/cs\/vitamin-c-z-camu-camu-prirodni-podpora-pro-tvou-beauty-rutinu","title":{"rendered":"Vitam\u00edn C z Camu Camu: p\u0159\u00edrodn\u00ed podpora pro tvou beauty rutinu"},"content":{"rendered":"\n<p>Mo\u017en\u00e1 u\u017e zn\u00e1\u0161 vitam\u00edn C jako d\u016fle\u017eitou sou\u010d\u00e1st p\u00e9\u010de o vzhled. Ale v\u011bd\u011bla jsi, \u017ee existuje i jeho <strong>p\u0159\u00edrodn\u00ed forma z exotick\u00e9ho ovoce Camu Camu<\/strong>, kter\u00e1 si z\u00edsk\u00e1v\u00e1 \u010d\u00edm d\u00e1l v\u00edc pozornosti?<\/p>\n\n\n\n<p>V tomto \u010dl\u00e1nku se dozv\u00ed\u0161, co je Camu Camu, pro\u010d je spojov\u00e1no s vitam\u00ednem C, a jak ho m\u016f\u017ee\u0161 za\u0159adit do sv\u00e9 ka\u017edodenn\u00ed rutiny kr\u00e1sy \u2013 s respektem k p\u0159\u00edrod\u011b i sv\u00e9mu t\u011blu.<\/p>\n\n\n\n<h2 class=\"wp-block-heading\">Co je Camu Camu a pro\u010d se o n\u011bm mluv\u00ed?<\/h2>\n\n\n\n<p>Camu Camu je mal\u00e9 kysel\u00e9 ovoce, kter\u00e9 roste v Amazonii, zejm\u00e9na v oblasti Peru. Plody maj\u00ed p\u0159irozen\u011b vysok\u00fd obsah vitam\u00ednu C \u2013 n\u011bkdy a\u017e <strong>40\u00d7 v\u00edce ne\u017e citrony<\/strong> (v su\u0161en\u00e9 form\u011b).<\/p>\n\n\n\n<p>D\u00edky tomu se pr\u00e1\u0161ek z Camu Camu \u010dasto pou\u017e\u00edv\u00e1 jako <strong>p\u0159\u00edrodn\u00ed zdroj vitam\u00ednu C<\/strong> v dopl\u0148c\u00edch stravy. Nen\u00ed to syntetick\u00fd vitam\u00edn z laborato\u0159e \u2013 ale v\u00fdta\u017eek z opravdov\u00e9ho ovoce.<\/p>\n\n\n\n<h2 class=\"wp-block-heading\">Pro\u010d je vitam\u00edn C tak obl\u00edben\u00fd v p\u00e9\u010di o vzhled?<\/h2>\n\n\n\n<p>Vitam\u00edn C m\u00e1 spoustu benefit\u016f a je ide\u00e1ln\u00edm dopl\u0148kem pokud chce\u0161:<\/p>\n\n\n\n<ul class=\"wp-block-list\">\n<li>podpo\u0159it svou rutinu kr\u00e1sy<\/li>\n\n\n\n<li>za\u0159adit antioxidanty do stravy<\/li>\n\n\n\n<li>doplnit kolagenov\u00e9 produkty<\/li>\n<\/ul>\n\n\n\n<p>\ud83d\udca1 <strong>V\u011bd\u011bla jsi?<\/strong><br>Vitam\u00edn C p\u0159isp\u00edv\u00e1 k norm\u00e1ln\u00ed tvorb\u011b kolagenu. Doporu\u010duje se proto jako sou\u010d\u00e1st kolagenov\u00e9 k\u00fary.<\/p>\n\n\n\n<h2 class=\"wp-block-heading\">P\u0159\u00edrodn\u00ed vs. syntetick\u00fd vitam\u00edn C: Je v tom rozd\u00edl?<\/h2>\n\n\n\n<p>V obchodech najde\u0161 spoustu produkt\u016f s \u201evitam\u00ednem C\u201c, ale m\u00e1lokdy se dozv\u00ed\u0161, <strong>odkud poch\u00e1z\u00ed<\/strong>. Nej\u010dast\u011bji se jedn\u00e1 o syntetick\u00fd vitam\u00edn C (kyselinu askorbovou), vyr\u00e1b\u011bn\u00fd chemickou cestou.<\/p>\n\n\n\n<p>Oproti tomu <strong>p\u0159\u00edrodn\u00ed vitam\u00edn C z Camu Camu<\/strong>:<\/p>\n\n\n\n<ul class=\"wp-block-list\">\n<li>vznik\u00e1 su\u0161en\u00edm a zpracov\u00e1n\u00edm skute\u010dn\u00e9ho ovoce<\/li>\n\n\n\n<li>obsahuje i dal\u0161\u00ed p\u0159irozen\u00e9 l\u00e1tky z plodu (nap\u0159. polyfenoly)<\/li>\n\n\n\n<li>zapad\u00e1 do trendu clean beauty a p\u0159irozen\u00e9 p\u00e9\u010de<\/li>\n<\/ul>\n\n\n\n<figure class=\"wp-block-image size-full is-resized\"><img loading=\"lazy\" decoding=\"async\" width=\"2560\" height=\"1707\" src=\"https:\/\/www.divique.com\/wp-content\/uploads\/camu_camu_plod-scaled.jpeg\" alt=\"\" class=\"wp-image-1867\" style=\"width:600px\" srcset=\"https:\/\/www.divique.com\/wp-content\/uploads\/camu_camu_plod-scaled.jpeg 2560w, https:\/\/www.divique.com\/wp-content\/uploads\/camu_camu_plod-300x200.jpeg 300w, https:\/\/www.divique.com\/wp-content\/uploads\/camu_camu_plod-1024x683.jpeg 1024w, https:\/\/www.divique.com\/wp-content\/uploads\/camu_camu_plod-768x512.jpeg 768w, https:\/\/www.divique.com\/wp-content\/uploads\/camu_camu_plod-1536x1024.jpeg 1536w, https:\/\/www.divique.com\/wp-content\/uploads\/camu_camu_plod-2048x1365.jpeg 2048w, https:\/\/www.divique.com\/wp-content\/uploads\/camu_camu_plod-480x320.jpeg 480w, https:\/\/www.divique.com\/wp-content\/uploads\/camu_camu_plod-640x427.jpeg 640w, https:\/\/www.divique.com\/wp-content\/uploads\/camu_camu_plod-720x480.jpeg 720w, https:\/\/www.divique.com\/wp-content\/uploads\/camu_camu_plod-960x640.jpeg 960w, https:\/\/www.divique.com\/wp-content\/uploads\/camu_camu_plod-1168x779.jpeg 1168w, https:\/\/www.divique.com\/wp-content\/uploads\/camu_camu_plod-1440x960.jpeg 1440w, https:\/\/www.divique.com\/wp-content\/uploads\/camu_camu_plod-1920x1280.jpeg 1920w, https:\/\/www.divique.com\/wp-content\/uploads\/camu_camu_plod-600x400.jpeg 600w\" sizes=\"auto, (max-width: 2560px) 100vw, 2560px\" \/><\/figure>\n\n\n\n<p><em>Dnes ji\u017e mnoho \u017een d\u00e1v\u00e1 p\u0159ednost pr\u00e1v\u011b p\u0159\u00edrodn\u00ed variant\u011b, proto\u017ee cht\u011bj\u00ed zn\u00e1t p\u016fvod surovin, kter\u00e9 sv\u00e9mu t\u011blu d\u00e1vaj\u00ed.<\/em><\/p>\n\n\n\n<h2 class=\"wp-block-heading\">Jak ho m\u016f\u017ee\u0161 za\u0159adit do sv\u00e9 denn\u00ed rutiny?<\/h2>\n\n\n\n<p>Vitam\u00edn C z Camu Camu je ide\u00e1ln\u00ed:<\/p>\n\n\n\n<ul class=\"wp-block-list\">\n<li>jako dopln\u011bk ke kolagenu, nap\u0159. v kapsl\u00edch<\/li>\n\n\n\n<li>jako sou\u010d\u00e1st komplexn\u00edho dopl\u0148ku<\/li>\n<\/ul>\n\n\n\n<p>\ud83d\udd0e Hledej produkty, kter\u00e9 kombinuj\u00ed:<\/p>\n\n\n\n<ul class=\"wp-block-list\">\n<li><strong>vitam\u00edn C z Camu Camu<\/strong><\/li>\n\n\n\n<li><strong>hydrolyzovan\u00fd kolagen<\/strong><\/li>\n\n\n\n<li><strong>kyselinu hyaluronovou<\/strong><\/li>\n<\/ul>\n\n\n\n<p>\ud83d\udc8a <strong>Nap\u0159. <a href=\"https:\/\/www.divique.com\/cs\/produkt\/divique-collagen-hyaluron\">Divique Collagen Hyaluron Kapsle<\/a><\/strong> obsahuj\u00ed pr\u00e1v\u011b tuto kombinaci \u2013 v praktick\u00e9m form\u00e1tu pro ka\u017ed\u00fd den.<\/p>\n\n\n\n<h2 class=\"wp-block-heading\">Pro\u010d je Camu Camu tak obl\u00edben\u00e9?<\/h2>\n\n\n\n<ul class=\"wp-block-list\">\n<li>Je to <strong>\u010dist\u00fd, p\u0159\u00edrodn\u00ed zdroj vitam\u00ednu C<\/strong><\/li>\n\n\n\n<li>Skv\u011ble dopl\u0148uje kolagenov\u00e9 dopl\u0148ky<\/li>\n\n\n\n<li>P\u016fsob\u00ed jako sou\u010d\u00e1st vyv\u00e1\u017een\u00e9 p\u00e9\u010de o kr\u00e1su a pohodu<\/li>\n\n\n\n<li>Vitam\u00edn C m\u00e1 spoustu dal\u0161\u00edch zdravotn\u00edch benefit\u016f<\/li>\n<\/ul>\n\n\n<div class=\"wp-block-image\">\n<figure class=\"alignleft size-medium\"><a href=\"https:\/\/www.divique.com\/cs\/produkt\/divique-vitamin-c\"><img loading=\"lazy\" decoding=\"async\" width=\"300\" height=\"300\" src=\"https:\/\/www.divique.com\/wp-content\/uploads\/divique-vitaminc-capsules-300x300.png\" alt=\"\" class=\"wp-image-1399\" srcset=\"https:\/\/www.divique.com\/wp-content\/uploads\/divique-vitaminc-capsules-300x300.png 300w, https:\/\/www.divique.com\/wp-content\/uploads\/divique-vitaminc-capsules-1024x1024.png 1024w, https:\/\/www.divique.com\/wp-content\/uploads\/divique-vitaminc-capsules-150x150.png 150w, https:\/\/www.divique.com\/wp-content\/uploads\/divique-vitaminc-capsules-768x768.png 768w, https:\/\/www.divique.com\/wp-content\/uploads\/divique-vitaminc-capsules-480x480.png 480w, https:\/\/www.divique.com\/wp-content\/uploads\/divique-vitaminc-capsules-640x640.png 640w, https:\/\/www.divique.com\/wp-content\/uploads\/divique-vitaminc-capsules-720x720.png 720w, https:\/\/www.divique.com\/wp-content\/uploads\/divique-vitaminc-capsules-960x960.png 960w, https:\/\/www.divique.com\/wp-content\/uploads\/divique-vitaminc-capsules-1168x1168.png 1168w, https:\/\/www.divique.com\/wp-content\/uploads\/divique-vitaminc-capsules-1440x1440.png 1440w, https:\/\/www.divique.com\/wp-content\/uploads\/divique-vitaminc-capsules-600x600.png 600w, https:\/\/www.divique.com\/wp-content\/uploads\/divique-vitaminc-capsules-100x100.png 100w, https:\/\/www.divique.com\/wp-content\/uploads\/divique-vitaminc-capsules.png 1500w\" sizes=\"auto, (max-width: 300px) 100vw, 300px\" \/><\/a><\/figure>\n<\/div>\n\n\n<h2 class=\"wp-block-heading\">Skv\u011bl\u00e1 d\u00e1vka vitam\u00ednu C<\/h2>\n\n\n\n<p>Camu Camu je jeden z\u202fnejp\u0159irozen\u011bj\u0161\u00edch zdroj\u016f vitam\u00ednu C, kter\u00e9 m\u016f\u017ee\u0161 sv\u00e9mu t\u011blu dop\u0159\u00e1t. Nen\u00ed to z\u00e1zrak p\u0159es noc \u2013 ale pokud hled\u00e1\u0161 jemnou, rostlinnou podporu pro svou kr\u00e1su a zdrav\u00ed zevnit\u0159, m\u016f\u017ee b\u00fdt skv\u011blou volbou.<\/p>\n\n\n\n<p>\u27a1\ufe0f <a href=\"https:\/\/www.divique.com\/cs\/produkt\/divique-vitamin-c\">Objev Divique vitam\u00edn C z Camu Camu<\/a><\/p>\n\n\n\n<p><\/p>\n","protected":false},"excerpt":{"rendered":"<p>Mo\u017en\u00e1 u\u017e zn\u00e1\u0161 vitam\u00edn C jako d\u016fle\u017eitou sou\u010d\u00e1st p\u00e9\u010de o vzhled. Ale v\u011bd\u011bla jsi, \u017ee existuje i jeho p\u0159\u00edrodn\u00ed forma z exotick\u00e9ho ovoce Camu Camu, kter\u00e1 si z\u00edsk\u00e1v\u00e1 \u010d\u00edm d\u00e1l v\u00edc pozornosti? V tomto \u010dl\u00e1nku se dozv\u00ed\u0161, co je Camu Camu, pro\u010d je spojov\u00e1no s...<\/p>\n","protected":false},"author":1,"featured_media":1862,"comment_status":"open","ping_status":"open","sticky":false,"template":"","format":"standard","meta":{"_acf_changed":false,"footnotes":""},"categories":[19],"tags":[],"class_list":["post-1860","post","type-post","status-publish","format-standard","has-post-thumbnail","hentry","category-uncategorized-cs"],"acf":[],"yoast_head":"<!-- This site is optimized with the Yoast SEO plugin v27.5 - https:\/\/yoast.com\/product\/yoast-seo-wordpress\/ -->\n<title>Vitam\u00edn C z Camu Camu \u2013 P\u0159\u00edrodn\u00ed podpora pro kr\u00e1su<\/title>\n<meta name=\"description\" content=\"Co je Camu Camu a pro\u010d je obl\u00edben\u00e9 mezi \u017eenami, kter\u00e9 dbaj\u00ed o sv\u016fj vzhled? Objev p\u0159\u00edrodn\u00ed zdroj vitam\u00ednu C v modern\u00ed beauty rutin\u011b.\" \/>\n<meta name=\"robots\" content=\"index, follow, max-snippet:-1, max-image-preview:large, max-video-preview:-1\" \/>\n<link rel=\"canonical\" href=\"https:\/\/www.divique.com\/cs\/vitamin-c-z-camu-camu-prirodni-podpora-pro-tvou-beauty-rutinu\" \/>\n<meta property=\"og:locale\" content=\"cs_CZ\" \/>\n<meta property=\"og:type\" content=\"article\" \/>\n<meta property=\"og:title\" content=\"Vitam\u00edn C z Camu Camu \u2013 P\u0159\u00edrodn\u00ed podpora pro kr\u00e1su\" \/>\n<meta property=\"og:description\" content=\"Co je Camu Camu a pro\u010d je obl\u00edben\u00e9 mezi \u017eenami, kter\u00e9 dbaj\u00ed o sv\u016fj vzhled? Objev p\u0159\u00edrodn\u00ed zdroj vitam\u00ednu C v modern\u00ed beauty rutin\u011b.\" \/>\n<meta property=\"og:url\" content=\"https:\/\/www.divique.com\/cs\/vitamin-c-z-camu-camu-prirodni-podpora-pro-tvou-beauty-rutinu\" \/>\n<meta property=\"og:site_name\" content=\"Be Divique - podpo\u0159 svou kr\u00e1su zevnit\u0159\" \/>\n<meta property=\"article:published_time\" content=\"2025-06-02T20:19:39+00:00\" \/>\n<meta property=\"article:modified_time\" content=\"2025-06-02T20:41:13+00:00\" \/>\n<meta property=\"og:image\" content=\"https:\/\/www.divique.com\/wp-content\/uploads\/camu_camu_vitamin_c-scaled.jpeg\" \/>\n\t<meta property=\"og:image:width\" content=\"2560\" \/>\n\t<meta property=\"og:image:height\" content=\"1707\" \/>\n\t<meta property=\"og:image:type\" content=\"image\/jpeg\" \/>\n<meta name=\"author\" content=\"Jan Pulpan\" \/>\n<meta name=\"twitter:card\" content=\"summary_large_image\" \/>\n<meta name=\"twitter:label1\" content=\"Napsal(a)\" \/>\n\t<meta name=\"twitter:data1\" content=\"Jan Pulpan\" \/>\n\t<meta name=\"twitter:label2\" content=\"Odhadovan\u00e1 doba \u010dten\u00ed\" \/>\n\t<meta name=\"twitter:data2\" content=\"3 minuty\" \/>\n<script type=\"application\/ld+json\" class=\"yoast-schema-graph\">{\"@context\":\"https:\\\/\\\/schema.org\",\"@graph\":[{\"@type\":\"Article\",\"@id\":\"https:\\\/\\\/www.divique.com\\\/cs\\\/vitamin-c-z-camu-camu-prirodni-podpora-pro-tvou-beauty-rutinu#article\",\"isPartOf\":{\"@id\":\"https:\\\/\\\/www.divique.com\\\/cs\\\/vitamin-c-z-camu-camu-prirodni-podpora-pro-tvou-beauty-rutinu\"},\"author\":{\"name\":\"Jan Pulpan\",\"@id\":\"https:\\\/\\\/www.divique.com\\\/cs\\\/#\\\/schema\\\/person\\\/c6d239d6b1475a5526da61513cc0693e\"},\"headline\":\"Vitam\u00edn C z Camu Camu: p\u0159\u00edrodn\u00ed podpora pro tvou beauty rutinu\",\"datePublished\":\"2025-06-02T20:19:39+00:00\",\"dateModified\":\"2025-06-02T20:41:13+00:00\",\"mainEntityOfPage\":{\"@id\":\"https:\\\/\\\/www.divique.com\\\/cs\\\/vitamin-c-z-camu-camu-prirodni-podpora-pro-tvou-beauty-rutinu\"},\"wordCount\":551,\"commentCount\":0,\"publisher\":{\"@id\":\"https:\\\/\\\/www.divique.com\\\/cs\\\/#organization\"},\"image\":{\"@id\":\"https:\\\/\\\/www.divique.com\\\/cs\\\/vitamin-c-z-camu-camu-prirodni-podpora-pro-tvou-beauty-rutinu#primaryimage\"},\"thumbnailUrl\":\"https:\\\/\\\/www.divique.com\\\/wp-content\\\/uploads\\\/camu_camu_vitamin_c-scaled.jpeg\",\"articleSection\":[\"Uncategorized @cs\"],\"inLanguage\":\"cs\",\"potentialAction\":[{\"@type\":\"CommentAction\",\"name\":\"Comment\",\"target\":[\"https:\\\/\\\/www.divique.com\\\/cs\\\/vitamin-c-z-camu-camu-prirodni-podpora-pro-tvou-beauty-rutinu#respond\"]}]},{\"@type\":\"WebPage\",\"@id\":\"https:\\\/\\\/www.divique.com\\\/cs\\\/vitamin-c-z-camu-camu-prirodni-podpora-pro-tvou-beauty-rutinu\",\"url\":\"https:\\\/\\\/www.divique.com\\\/cs\\\/vitamin-c-z-camu-camu-prirodni-podpora-pro-tvou-beauty-rutinu\",\"name\":\"Vitam\u00edn C z Camu Camu \u2013 P\u0159\u00edrodn\u00ed podpora pro kr\u00e1su\",\"isPartOf\":{\"@id\":\"https:\\\/\\\/www.divique.com\\\/cs\\\/#website\"},\"primaryImageOfPage\":{\"@id\":\"https:\\\/\\\/www.divique.com\\\/cs\\\/vitamin-c-z-camu-camu-prirodni-podpora-pro-tvou-beauty-rutinu#primaryimage\"},\"image\":{\"@id\":\"https:\\\/\\\/www.divique.com\\\/cs\\\/vitamin-c-z-camu-camu-prirodni-podpora-pro-tvou-beauty-rutinu#primaryimage\"},\"thumbnailUrl\":\"https:\\\/\\\/www.divique.com\\\/wp-content\\\/uploads\\\/camu_camu_vitamin_c-scaled.jpeg\",\"datePublished\":\"2025-06-02T20:19:39+00:00\",\"dateModified\":\"2025-06-02T20:41:13+00:00\",\"description\":\"Co je Camu Camu a pro\u010d je obl\u00edben\u00e9 mezi \u017eenami, kter\u00e9 dbaj\u00ed o sv\u016fj vzhled? Objev p\u0159\u00edrodn\u00ed zdroj vitam\u00ednu C v modern\u00ed beauty rutin\u011b.\",\"breadcrumb\":{\"@id\":\"https:\\\/\\\/www.divique.com\\\/cs\\\/vitamin-c-z-camu-camu-prirodni-podpora-pro-tvou-beauty-rutinu#breadcrumb\"},\"inLanguage\":\"cs\",\"potentialAction\":[{\"@type\":\"ReadAction\",\"target\":[\"https:\\\/\\\/www.divique.com\\\/cs\\\/vitamin-c-z-camu-camu-prirodni-podpora-pro-tvou-beauty-rutinu\"]}]},{\"@type\":\"ImageObject\",\"inLanguage\":\"cs\",\"@id\":\"https:\\\/\\\/www.divique.com\\\/cs\\\/vitamin-c-z-camu-camu-prirodni-podpora-pro-tvou-beauty-rutinu#primaryimage\",\"url\":\"https:\\\/\\\/www.divique.com\\\/wp-content\\\/uploads\\\/camu_camu_vitamin_c-scaled.jpeg\",\"contentUrl\":\"https:\\\/\\\/www.divique.com\\\/wp-content\\\/uploads\\\/camu_camu_vitamin_c-scaled.jpeg\",\"width\":2560,\"height\":1707,\"caption\":\"Camu Camu - p\u0159\u00edrodn\u00ed zdroj vitam\u00ednu C\"},{\"@type\":\"BreadcrumbList\",\"@id\":\"https:\\\/\\\/www.divique.com\\\/cs\\\/vitamin-c-z-camu-camu-prirodni-podpora-pro-tvou-beauty-rutinu#breadcrumb\",\"itemListElement\":[{\"@type\":\"ListItem\",\"position\":1,\"name\":\"Home\",\"item\":\"https:\\\/\\\/www.divique.com\\\/cs\"},{\"@type\":\"ListItem\",\"position\":2,\"name\":\"Vitam\u00edn C z Camu Camu: p\u0159\u00edrodn\u00ed podpora pro tvou beauty rutinu\"}]},{\"@type\":\"WebSite\",\"@id\":\"https:\\\/\\\/www.divique.com\\\/cs\\\/#website\",\"url\":\"https:\\\/\\\/www.divique.com\\\/cs\\\/\",\"name\":\"Be Divique - podpo\u0159 svou kr\u00e1su zevnit\u0159\",\"description\":\"Be Divique. Kolagenov\u00e1 \u0159ada pro sebev\u011bdom\u00e9 \u017eeny. Kolagen a kyselina hyaluronov\u00e1 ve form\u011b, kter\u00e1 V\u00e1m bude vyhovovat.\",\"publisher\":{\"@id\":\"https:\\\/\\\/www.divique.com\\\/cs\\\/#organization\"},\"potentialAction\":[{\"@type\":\"SearchAction\",\"target\":{\"@type\":\"EntryPoint\",\"urlTemplate\":\"https:\\\/\\\/www.divique.com\\\/cs\\\/?s={search_term_string}\"},\"query-input\":{\"@type\":\"PropertyValueSpecification\",\"valueRequired\":true,\"valueName\":\"search_term_string\"}}],\"inLanguage\":\"cs\"},{\"@type\":\"Organization\",\"@id\":\"https:\\\/\\\/www.divique.com\\\/cs\\\/#organization\",\"name\":\"DIVIQUE s.r.o.\",\"url\":\"https:\\\/\\\/www.divique.com\\\/cs\\\/\",\"logo\":{\"@type\":\"ImageObject\",\"inLanguage\":\"cs\",\"@id\":\"https:\\\/\\\/www.divique.com\\\/cs\\\/#\\\/schema\\\/logo\\\/image\\\/\",\"url\":\"https:\\\/\\\/www.divique.com\\\/wp-content\\\/uploads\\\/2022\\\/04\\\/divique-logo.png\",\"contentUrl\":\"https:\\\/\\\/www.divique.com\\\/wp-content\\\/uploads\\\/2022\\\/04\\\/divique-logo.png\",\"width\":196,\"height\":64,\"caption\":\"DIVIQUE s.r.o.\"},\"image\":{\"@id\":\"https:\\\/\\\/www.divique.com\\\/cs\\\/#\\\/schema\\\/logo\\\/image\\\/\"}},{\"@type\":\"Person\",\"@id\":\"https:\\\/\\\/www.divique.com\\\/cs\\\/#\\\/schema\\\/person\\\/c6d239d6b1475a5526da61513cc0693e\",\"name\":\"Jan Pulpan\",\"image\":{\"@type\":\"ImageObject\",\"inLanguage\":\"cs\",\"@id\":\"https:\\\/\\\/www.divique.com\\\/wp-content\\\/litespeed\\\/avatar\\\/872feb88fb911cfc0932c4a8d64a7037.jpg?ver=1777659959\",\"url\":\"https:\\\/\\\/www.divique.com\\\/wp-content\\\/litespeed\\\/avatar\\\/872feb88fb911cfc0932c4a8d64a7037.jpg?ver=1777659959\",\"contentUrl\":\"https:\\\/\\\/www.divique.com\\\/wp-content\\\/litespeed\\\/avatar\\\/872feb88fb911cfc0932c4a8d64a7037.jpg?ver=1777659959\",\"caption\":\"Jan Pulpan\"},\"sameAs\":[\"https:\\\/\\\/www.divique.com\"]}]}<\/script>\n<!-- \/ Yoast SEO plugin. -->","yoast_head_json":{"title":"Vitam\u00edn C z Camu Camu \u2013 P\u0159\u00edrodn\u00ed podpora pro kr\u00e1su","description":"Co je Camu Camu a pro\u010d je obl\u00edben\u00e9 mezi \u017eenami, kter\u00e9 dbaj\u00ed o sv\u016fj vzhled? Objev p\u0159\u00edrodn\u00ed zdroj vitam\u00ednu C v modern\u00ed beauty rutin\u011b.","robots":{"index":"index","follow":"follow","max-snippet":"max-snippet:-1","max-image-preview":"max-image-preview:large","max-video-preview":"max-video-preview:-1"},"canonical":"https:\/\/www.divique.com\/cs\/vitamin-c-z-camu-camu-prirodni-podpora-pro-tvou-beauty-rutinu","og_locale":"cs_CZ","og_type":"article","og_title":"Vitam\u00edn C z Camu Camu \u2013 P\u0159\u00edrodn\u00ed podpora pro kr\u00e1su","og_description":"Co je Camu Camu a pro\u010d je obl\u00edben\u00e9 mezi \u017eenami, kter\u00e9 dbaj\u00ed o sv\u016fj vzhled? Objev p\u0159\u00edrodn\u00ed zdroj vitam\u00ednu C v modern\u00ed beauty rutin\u011b.","og_url":"https:\/\/www.divique.com\/cs\/vitamin-c-z-camu-camu-prirodni-podpora-pro-tvou-beauty-rutinu","og_site_name":"Be Divique - podpo\u0159 svou kr\u00e1su zevnit\u0159","article_published_time":"2025-06-02T20:19:39+00:00","article_modified_time":"2025-06-02T20:41:13+00:00","og_image":[{"width":2560,"height":1707,"url":"https:\/\/www.divique.com\/wp-content\/uploads\/camu_camu_vitamin_c-scaled.jpeg","type":"image\/jpeg"}],"author":"Jan Pulpan","twitter_card":"summary_large_image","twitter_misc":{"Napsal(a)":"Jan Pulpan","Odhadovan\u00e1 doba \u010dten\u00ed":"3 minuty"},"schema":{"@context":"https:\/\/schema.org","@graph":[{"@type":"Article","@id":"https:\/\/www.divique.com\/cs\/vitamin-c-z-camu-camu-prirodni-podpora-pro-tvou-beauty-rutinu#article","isPartOf":{"@id":"https:\/\/www.divique.com\/cs\/vitamin-c-z-camu-camu-prirodni-podpora-pro-tvou-beauty-rutinu"},"author":{"name":"Jan Pulpan","@id":"https:\/\/www.divique.com\/cs\/#\/schema\/person\/c6d239d6b1475a5526da61513cc0693e"},"headline":"Vitam\u00edn C z Camu Camu: p\u0159\u00edrodn\u00ed podpora pro tvou beauty rutinu","datePublished":"2025-06-02T20:19:39+00:00","dateModified":"2025-06-02T20:41:13+00:00","mainEntityOfPage":{"@id":"https:\/\/www.divique.com\/cs\/vitamin-c-z-camu-camu-prirodni-podpora-pro-tvou-beauty-rutinu"},"wordCount":551,"commentCount":0,"publisher":{"@id":"https:\/\/www.divique.com\/cs\/#organization"},"image":{"@id":"https:\/\/www.divique.com\/cs\/vitamin-c-z-camu-camu-prirodni-podpora-pro-tvou-beauty-rutinu#primaryimage"},"thumbnailUrl":"https:\/\/www.divique.com\/wp-content\/uploads\/camu_camu_vitamin_c-scaled.jpeg","articleSection":["Uncategorized @cs"],"inLanguage":"cs","potentialAction":[{"@type":"CommentAction","name":"Comment","target":["https:\/\/www.divique.com\/cs\/vitamin-c-z-camu-camu-prirodni-podpora-pro-tvou-beauty-rutinu#respond"]}]},{"@type":"WebPage","@id":"https:\/\/www.divique.com\/cs\/vitamin-c-z-camu-camu-prirodni-podpora-pro-tvou-beauty-rutinu","url":"https:\/\/www.divique.com\/cs\/vitamin-c-z-camu-camu-prirodni-podpora-pro-tvou-beauty-rutinu","name":"Vitam\u00edn C z Camu Camu \u2013 P\u0159\u00edrodn\u00ed podpora pro kr\u00e1su","isPartOf":{"@id":"https:\/\/www.divique.com\/cs\/#website"},"primaryImageOfPage":{"@id":"https:\/\/www.divique.com\/cs\/vitamin-c-z-camu-camu-prirodni-podpora-pro-tvou-beauty-rutinu#primaryimage"},"image":{"@id":"https:\/\/www.divique.com\/cs\/vitamin-c-z-camu-camu-prirodni-podpora-pro-tvou-beauty-rutinu#primaryimage"},"thumbnailUrl":"https:\/\/www.divique.com\/wp-content\/uploads\/camu_camu_vitamin_c-scaled.jpeg","datePublished":"2025-06-02T20:19:39+00:00","dateModified":"2025-06-02T20:41:13+00:00","description":"Co je Camu Camu a pro\u010d je obl\u00edben\u00e9 mezi \u017eenami, kter\u00e9 dbaj\u00ed o sv\u016fj vzhled? Objev p\u0159\u00edrodn\u00ed zdroj vitam\u00ednu C v modern\u00ed beauty rutin\u011b.","breadcrumb":{"@id":"https:\/\/www.divique.com\/cs\/vitamin-c-z-camu-camu-prirodni-podpora-pro-tvou-beauty-rutinu#breadcrumb"},"inLanguage":"cs","potentialAction":[{"@type":"ReadAction","target":["https:\/\/www.divique.com\/cs\/vitamin-c-z-camu-camu-prirodni-podpora-pro-tvou-beauty-rutinu"]}]},{"@type":"ImageObject","inLanguage":"cs","@id":"https:\/\/www.divique.com\/cs\/vitamin-c-z-camu-camu-prirodni-podpora-pro-tvou-beauty-rutinu#primaryimage","url":"https:\/\/www.divique.com\/wp-content\/uploads\/camu_camu_vitamin_c-scaled.jpeg","contentUrl":"https:\/\/www.divique.com\/wp-content\/uploads\/camu_camu_vitamin_c-scaled.jpeg","width":2560,"height":1707,"caption":"Camu Camu - p\u0159\u00edrodn\u00ed zdroj vitam\u00ednu C"},{"@type":"BreadcrumbList","@id":"https:\/\/www.divique.com\/cs\/vitamin-c-z-camu-camu-prirodni-podpora-pro-tvou-beauty-rutinu#breadcrumb","itemListElement":[{"@type":"ListItem","position":1,"name":"Home","item":"https:\/\/www.divique.com\/cs"},{"@type":"ListItem","position":2,"name":"Vitam\u00edn C z Camu Camu: p\u0159\u00edrodn\u00ed podpora pro tvou beauty rutinu"}]},{"@type":"WebSite","@id":"https:\/\/www.divique.com\/cs\/#website","url":"https:\/\/www.divique.com\/cs\/","name":"Be Divique - podpo\u0159 svou kr\u00e1su zevnit\u0159","description":"Be Divique. Kolagenov\u00e1 \u0159ada pro sebev\u011bdom\u00e9 \u017eeny. Kolagen a kyselina hyaluronov\u00e1 ve form\u011b, kter\u00e1 V\u00e1m bude vyhovovat.","publisher":{"@id":"https:\/\/www.divique.com\/cs\/#organization"},"potentialAction":[{"@type":"SearchAction","target":{"@type":"EntryPoint","urlTemplate":"https:\/\/www.divique.com\/cs\/?s={search_term_string}"},"query-input":{"@type":"PropertyValueSpecification","valueRequired":true,"valueName":"search_term_string"}}],"inLanguage":"cs"},{"@type":"Organization","@id":"https:\/\/www.divique.com\/cs\/#organization","name":"DIVIQUE s.r.o.","url":"https:\/\/www.divique.com\/cs\/","logo":{"@type":"ImageObject","inLanguage":"cs","@id":"https:\/\/www.divique.com\/cs\/#\/schema\/logo\/image\/","url":"https:\/\/www.divique.com\/wp-content\/uploads\/2022\/04\/divique-logo.png","contentUrl":"https:\/\/www.divique.com\/wp-content\/uploads\/2022\/04\/divique-logo.png","width":196,"height":64,"caption":"DIVIQUE s.r.o."},"image":{"@id":"https:\/\/www.divique.com\/cs\/#\/schema\/logo\/image\/"}},{"@type":"Person","@id":"https:\/\/www.divique.com\/cs\/#\/schema\/person\/c6d239d6b1475a5526da61513cc0693e","name":"Jan Pulpan","image":{"@type":"ImageObject","inLanguage":"cs","@id":"https:\/\/www.divique.com\/wp-content\/litespeed\/avatar\/872feb88fb911cfc0932c4a8d64a7037.jpg?ver=1777659959","url":"https:\/\/www.divique.com\/wp-content\/litespeed\/avatar\/872feb88fb911cfc0932c4a8d64a7037.jpg?ver=1777659959","contentUrl":"https:\/\/www.divique.com\/wp-content\/litespeed\/avatar\/872feb88fb911cfc0932c4a8d64a7037.jpg?ver=1777659959","caption":"Jan Pulpan"},"sameAs":["https:\/\/www.divique.com"]}]}},"_links":{"self":[{"href":"https:\/\/www.divique.com\/cs\/wp-json\/wp\/v2\/posts\/1860","targetHints":{"allow":["GET"]}}],"collection":[{"href":"https:\/\/www.divique.com\/cs\/wp-json\/wp\/v2\/posts"}],"about":[{"href":"https:\/\/www.divique.com\/cs\/wp-json\/wp\/v2\/types\/post"}],"author":[{"embeddable":true,"href":"https:\/\/www.divique.com\/cs\/wp-json\/wp\/v2\/users\/1"}],"replies":[{"embeddable":true,"href":"https:\/\/www.divique.com\/cs\/wp-json\/wp\/v2\/comments?post=1860"}],"version-history":[{"count":13,"href":"https:\/\/www.divique.com\/cs\/wp-json\/wp\/v2\/posts\/1860\/revisions"}],"predecessor-version":[{"id":1885,"href":"https:\/\/www.divique.com\/cs\/wp-json\/wp\/v2\/posts\/1860\/revisions\/1885"}],"wp:featuredmedia":[{"embeddable":true,"href":"https:\/\/www.divique.com\/cs\/wp-json\/wp\/v2\/media\/1862"}],"wp:attachment":[{"href":"https:\/\/www.divique.com\/cs\/wp-json\/wp\/v2\/media?parent=1860"}],"wp:term":[{"taxonomy":"category","embeddable":true,"href":"https:\/\/www.divique.com\/cs\/wp-json\/wp\/v2\/categories?post=1860"},{"taxonomy":"post_tag","embeddable":true,"href":"https:\/\/www.divique.com\/cs\/wp-json\/wp\/v2\/tags?post=1860"}],"curies":[{"name":"wp","href":"https:\/\/api.w.org\/{rel}","templated":true}]}}